{"id":981,"date":"2009-12-09T10:09:00","date_gmt":"2009-12-09T10:09:00","guid":{"rendered":"https:\/\/apefadal.es\/?p=981"},"modified":"2024-02-07T09:58:25","modified_gmt":"2024-02-07T09:58:25","slug":"revista-pedagogica-adal-019","status":"publish","type":"post","link":"https:\/\/apefadal.es\/index.php\/2009\/12\/09\/revista-pedagogica-adal-019\/","title":{"rendered":"Revista Pedag\u00f3gica ADAL 019"},"content":{"rendered":"\n<p class=\"has-pale-cyan-blue-background-color has-background has-medium-font-size\"><strong>ART\u00cdCULOS:<\/strong><\/p>\n\n\n\n<p>&#8211; EDITORIAL: Desarrollo profesional y sentido com\u00fan en Educaci\u00f3n F\u00edsica. Juan-Carlos Luis-Pascual. (19:5-6)<\/p>\n\n\n\n<p>&#8211; \u00bfCooperar en el aula para cooperar en la vida? Erika D\u00edaz Rivero, Vanesa Cidoncha Falc\u00f3n (19:7-9)<\/p>\n\n\n\n<p>&#8211; Conclusiones de las mesas de trabajo del IV congreso internacional evaluaci\u00f3n formativa y compartida en docencia universitaria en Segovia. Manrique, JC. Vall\u00e9s, C. Navarro, V. Pintor, P. Jim\u00e9nez, F. Ruiz, E. Juli\u00e1n, J.A., Zaragoza, J. Santos, M.L. Mart\u00ednez, L.F. P\u00e9rez, A. (19:10-13)<\/p>\n\n\n\n<p>&#8211; Los juegos populares tradicionales en la Regi\u00f3n de Murcia. Una experiencia de creaci\u00f3n de materiales did\u00e1cticos con Neobook y Webquest. Nuria Ure\u00f1a Ort\u00edn, Jos\u00e9 Ignacio Alonso Roque, Gregorio Vicente Nicol\u00e1s, Francisco Alarc\u00f3n L\u00f3pez (19:14-21)<\/p>\n\n\n\n<p>-Juegos de pala y raqueta en la escuela primaria. Luc\u00eda Jim\u00e9nez Almendros (19:24-29)<\/p>\n\n\n\n<p>-El juego como contenido escolar en el enfoque cr\u00edtico-superador. Vanderl\u00e9ia Maschio, Jo\u00e3o Francisco Magno Ribas (19:30-38)<\/p>\n\n\n\n<p class=\"has-pale-cyan-blue-background-color has-background has-medium-font-size\"><strong>RECURSOS DE LA REVISTA:<\/strong><\/p>\n\n\n\n<p>&#8211; Fichas de juegos y deportes alternativos:<br>42.- Raque-Plum\u00f3n. Manuel Mart\u00ednez G\u00e1mez (19:22)<br>43.- Bolo Vaqueiro. Manuel Mart\u00ednez G\u00e1mez (19:23)<\/p>\n\n\n\n<p><\/p>\n\n\n\n<div data-wp-interactive=\"core\/file\" class=\"wp-block-file aligncenter\"><object data-wp-bind--hidden=\"!state.hasPdfPreview\" hidden class=\"wp-block-file__embed\" data=\"https:\/\/apefadal.es\/wp-content\/uploads\/2020\/04\/Revista-Pedagogica-ADAL-019.pdf\" type=\"application\/pdf\" style=\"width:100%;height:600px\" aria-label=\"Incrustado de Revista Pedagogica ADAL 019.\"><\/object><a id=\"wp-block-file--media-bf7c6374-e814-449c-9150-bd876f4aa33b\" href=\"https:\/\/apefadal.es\/wp-content\/uploads\/2020\/04\/Revista-Pedagogica-ADAL-019.pdf\" target=\"_blank\" rel=\"noreferrer noopener\">Revista Pedagogica ADAL 019<\/a><a href=\"https:\/\/apefadal.es\/wp-content\/uploads\/2020\/04\/Revista-Pedagogica-ADAL-019.pdf\" class=\"wp-block-file__button wp-element-button\" download aria-describedby=\"wp-block-file--media-bf7c6374-e814-449c-9150-bd876f4aa33b\">Descarga<\/a><\/div>\n","protected":false},"excerpt":{"rendered":"<p>ART\u00cdCULOS: &#8211; EDITORIAL: Desarrollo profesional y sentido com\u00fan en Educaci\u00f3n F\u00edsica. Juan-Carlos Luis-Pascual. (19:5-6) &#8211; \u00bfCooperar en el aula para cooperar en la vida? Erika D\u00edaz Rivero, Vanesa Cidoncha Falc\u00f3n (19:7-9) &#8211; Conclusiones de las mesas de trabajo del IV congreso internacional evaluaci\u00f3n formativa y compartida en docencia universitaria en Segovia. Manrique, JC. Vall\u00e9s, C.&hellip;<\/p>\n","protected":false},"author":1,"featured_media":983,"comment_status":"closed","ping_status":"closed","sticky":false,"template":"","format":"standard","meta":{"footnotes":""},"categories":[19],"tags":[284,298,314,342,91,28],"class_list":["post-981","post","type-post","status-publish","format-standard","has-post-thumbnail","hentry","category-revista-pedagogica","tag-cooperacion","tag-juan-carlos-luis-pascual","tag-juegos-populares","tag-juegos-tradicionales","tag-manuel-martinez-gamez","tag-palas-y-raquetas"],"gutentor_comment":0,"_links":{"self":[{"href":"https:\/\/apefadal.es\/index.php\/wp-json\/wp\/v2\/posts\/981","targetHints":{"allow":["GET"]}}],"collection":[{"href":"https:\/\/apefadal.es\/index.php\/wp-json\/wp\/v2\/posts"}],"about":[{"href":"https:\/\/apefadal.es\/index.php\/wp-json\/wp\/v2\/types\/post"}],"author":[{"embeddable":true,"href":"https:\/\/apefadal.es\/index.php\/wp-json\/wp\/v2\/users\/1"}],"replies":[{"embeddable":true,"href":"https:\/\/apefadal.es\/index.php\/wp-json\/wp\/v2\/comments?post=981"}],"version-history":[{"count":2,"href":"https:\/\/apefadal.es\/index.php\/wp-json\/wp\/v2\/posts\/981\/revisions"}],"predecessor-version":[{"id":4741,"href":"https:\/\/apefadal.es\/index.php\/wp-json\/wp\/v2\/posts\/981\/revisions\/4741"}],"wp:featuredmedia":[{"embeddable":true,"href":"https:\/\/apefadal.es\/index.php\/wp-json\/wp\/v2\/media\/983"}],"wp:attachment":[{"href":"https:\/\/apefadal.es\/index.php\/wp-json\/wp\/v2\/media?parent=981"}],"wp:term":[{"taxonomy":"category","embeddable":true,"href":"https:\/\/apefadal.es\/index.php\/wp-json\/wp\/v2\/categories?post=981"},{"taxonomy":"post_tag","embeddable":true,"href":"https:\/\/apefadal.es\/index.php\/wp-json\/wp\/v2\/tags?post=981"}],"curies":[{"name":"wp","href":"https:\/\/api.w.org\/{rel}","templated":true}]}}