{"id":977,"date":"2010-03-09T09:52:00","date_gmt":"2010-03-09T09:52:00","guid":{"rendered":"https:\/\/apefadal.es\/?p=977"},"modified":"2024-02-07T09:59:30","modified_gmt":"2024-02-07T09:59:30","slug":"revista-pedagogica-adal-020","status":"publish","type":"post","link":"https:\/\/apefadal.es\/index.php\/2010\/03\/09\/revista-pedagogica-adal-020\/","title":{"rendered":"Revista Pedag\u00f3gica ADAL 020"},"content":{"rendered":"\n<p class=\"has-pale-cyan-blue-background-color has-background has-medium-font-size\"><strong>ART\u00cdCULOS:<\/strong><\/p>\n\n\n\n<p>&#8211; EDITORIAL: Competencia motriz, valores y educaci\u00f3n f\u00edsica escolar. Juan-Carlos Luis-Pascual. (20:5-6)<\/p>\n\n\n\n<p>&#8211; Una experiencia educativa interdisciplinaria a partir de las aleluyas. Biel Pubill Soler. (20:7-15)<\/p>\n\n\n\n<p>&#8211; Estudio de las im\u00e1genes y representaciones sobre g\u00e9nero asociadas a los deportes que tienen los y las adolescentes de Temuco y Padre las Casas. Hern\u00e1n Mercado Ampuero, Sonia Osses Bustingorry, Margarita Baeza C. (20:16-21)<\/p>\n\n\n\n<p>-Conclusiones del II Congreso de Redes de Innovaci\u00f3n Educativa. Entretod@s. Educar y trabajar en Red. Lourdes P\u00e9rez S\u00e1nchez (20:24-31)<\/p>\n\n\n\n<p>&#8211; Patrimonio Etnopedagogico del desarrollo de la actividad f\u00edsica en la preservaci\u00f3n de las poblaciones ind\u00edgenas de Siberia Occidental. Sergey Antonovich Dneprov, Valery Pavlovich Krasilnikov (20:32-34)<\/p>\n\n\n\n<p>&#8211; Justificando la presencia de actividades de raquetas de nieve en Secundaria. Juan del Campo Vecino, Rafael Navarro, C\u00e9sar Fern\u00e1ndez-Quevedo Rubio (20:35-38)<\/p>\n\n\n\n<p class=\"has-pale-cyan-blue-background-color has-background has-medium-font-size\"><strong>RECURSOS DE LA REVISTA:<\/strong><\/p>\n\n\n\n<p>&#8211; Fichas de juegos y deportes alternativos:<br>44.- Throwball. Manuel Mart\u00ednez G\u00e1mez (20:22)<br>45.- Kin-Ball. Manuel Mart\u00ednez G\u00e1mez (20:23)<\/p>\n\n\n\n<p><\/p>\n\n\n\n<div data-wp-interactive=\"core\/file\" class=\"wp-block-file aligncenter\"><object data-wp-bind--hidden=\"!state.hasPdfPreview\" hidden class=\"wp-block-file__embed\" data=\"https:\/\/apefadal.es\/wp-content\/uploads\/2020\/04\/Revista-Pedagogica-ADAL-020.pdf\" type=\"application\/pdf\" style=\"width:100%;height:600px\" aria-label=\"Incrustado de Revista Pedagogica ADAL 020.\"><\/object><a id=\"wp-block-file--media-439c6c98-21fb-47ec-a4c7-26b91d5ed98a\" href=\"https:\/\/apefadal.es\/wp-content\/uploads\/2020\/04\/Revista-Pedagogica-ADAL-020.pdf\" target=\"_blank\" rel=\"noreferrer noopener\">Revista Pedagogica ADAL 020<\/a><a href=\"https:\/\/apefadal.es\/wp-content\/uploads\/2020\/04\/Revista-Pedagogica-ADAL-020.pdf\" class=\"wp-block-file__button wp-element-button\" download aria-describedby=\"wp-block-file--media-439c6c98-21fb-47ec-a4c7-26b91d5ed98a\">Descarga<\/a><\/div>\n\n\n\n<p><\/p>\n","protected":false},"excerpt":{"rendered":"<p>ART\u00cdCULOS: &#8211; EDITORIAL: Competencia motriz, valores y educaci\u00f3n f\u00edsica escolar. Juan-Carlos Luis-Pascual. (20:5-6) &#8211; Una experiencia educativa interdisciplinaria a partir de las aleluyas. Biel Pubill Soler. (20:7-15) &#8211; Estudio de las im\u00e1genes y representaciones sobre g\u00e9nero asociadas a los deportes que tienen los y las adolescentes de Temuco y Padre las Casas. Hern\u00e1n Mercado Ampuero,&hellip;<\/p>\n","protected":false},"author":1,"featured_media":979,"comment_status":"closed","ping_status":"closed","sticky":false,"template":"","format":"standard","meta":{"footnotes":""},"categories":[19],"tags":[144,47,298,91],"class_list":["post-977","post","type-post","status-publish","format-standard","has-post-thumbnail","hentry","category-revista-pedagogica","tag-competencia-motriz","tag-interdisciplinar","tag-juan-carlos-luis-pascual","tag-manuel-martinez-gamez"],"gutentor_comment":0,"_links":{"self":[{"href":"https:\/\/apefadal.es\/index.php\/wp-json\/wp\/v2\/posts\/977","targetHints":{"allow":["GET"]}}],"collection":[{"href":"https:\/\/apefadal.es\/index.php\/wp-json\/wp\/v2\/posts"}],"about":[{"href":"https:\/\/apefadal.es\/index.php\/wp-json\/wp\/v2\/types\/post"}],"author":[{"embeddable":true,"href":"https:\/\/apefadal.es\/index.php\/wp-json\/wp\/v2\/users\/1"}],"replies":[{"embeddable":true,"href":"https:\/\/apefadal.es\/index.php\/wp-json\/wp\/v2\/comments?post=977"}],"version-history":[{"count":3,"href":"https:\/\/apefadal.es\/index.php\/wp-json\/wp\/v2\/posts\/977\/revisions"}],"predecessor-version":[{"id":4743,"href":"https:\/\/apefadal.es\/index.php\/wp-json\/wp\/v2\/posts\/977\/revisions\/4743"}],"wp:featuredmedia":[{"embeddable":true,"href":"https:\/\/apefadal.es\/index.php\/wp-json\/wp\/v2\/media\/979"}],"wp:attachment":[{"href":"https:\/\/apefadal.es\/index.php\/wp-json\/wp\/v2\/media?parent=977"}],"wp:term":[{"taxonomy":"category","embeddable":true,"href":"https:\/\/apefadal.es\/index.php\/wp-json\/wp\/v2\/categories?post=977"},{"taxonomy":"post_tag","embeddable":true,"href":"https:\/\/apefadal.es\/index.php\/wp-json\/wp\/v2\/tags?post=977"}],"curies":[{"name":"wp","href":"https:\/\/api.w.org\/{rel}","templated":true}]}}