{"id":8746,"date":"2026-04-27T09:49:34","date_gmt":"2026-04-27T09:49:34","guid":{"rendered":"https:\/\/apefadal.es\/?p=8746"},"modified":"2026-04-27T09:54:01","modified_gmt":"2026-04-27T09:54:01","slug":"el-tiempo-como-cuestion-decisiva-de-la-ensenanza","status":"publish","type":"post","link":"https:\/\/apefadal.es\/index.php\/2026\/04\/27\/el-tiempo-como-cuestion-decisiva-de-la-ensenanza\/","title":{"rendered":"El tiempo como cuesti\u00f3n decisiva de la ense\u00f1anza"},"content":{"rendered":"\n<div id=\"section-g-bp6dtsi\" class=\"wp-block-gutentor-e1 section-g-bp6dtsi gutentor-element gutentor-element-advanced-text text-align-center-desktop text-align-center-mobile\"><div class=\"gutentor-text-wrap\"><p class=\"gutentor-text\"><strong>KAIR\u00d3S, CHRONOS Y AI\u00d3N EN EDUCACI\u00d3N F\u00cdSICA. <\/strong><br><strong><strong>El tiempo como cuesti\u00f3n decisiva de la ense\u00f1anza<\/strong><\/strong><\/p><\/div><\/div>\n\n\n\n<section id=\"g-7d77677\" class=\"section-g-7d77677 gutentor-module gutentor-module-accordion has-gutentor-overlay\"><div class=\"grid-container\">\n<div id=\"g-pk621p0\" class=\"wp-block-gutentor-m6-item section-g-pk621p0 gutentor-module gutentor-module-accordion-item gutentor-module-accordion-active\"><div class=\"gutentor-module-accordion-panel g-a-panel-g-7d77677\"><div class=\"gm-ah-g-7d77677 gutentor-module-accordion-item-heading gutentor-module-icon-position-right\"><span class=\"gutentor-module-accordion-panel-handler\" role=\"button\"><span class=\"gutentor-module-accordion-panel-handler-label\">Datos del art\u00edculo<\/span><span class=\"gutentor-module-accordion-icon gutentor-module-accordion-icon-active\"><i class=\"gm-aio-g-7d77677 gutentor-module-accordion-icon-open fas fa-plus\"><\/i><i class=\"gm-aic-g-7d77677 gutentor-module-accordion-icon-close fas fa-minus\"><\/i><\/span><\/span><\/div><div class=\"gm-ab-g-7d77677 gutentor-module-accordion-body\">\n<div id=\"section-g-p8lt1zp\" class=\"wp-block-gutentor-e0 section-g-p8lt1zp gutentor-element gutentor-element-advanced-text\"><div class=\"gutentor-text-wrap\"><p class=\"gutentor-text\">AUTOR: Dr. Domingo Bl\u00e1zquez S\u00e1nchez<br>FECHA DE PUBLICACI\u00d3N: 25\/04\/2026<br>LUGAR DE PUBLICACI\u00d3N: Red Global de Educaci\u00f3n F\u00edsica y Deporte<br><a href=\"https:\/\/redglobalefyd.org\/kairos-chronos-y-aion-en-educacion-fisica-num-17-2026\/\">https:\/\/redglobalefyd.org\/kairos-chronos-y-aion-en-educacion-fisica-num-17-2026\/<\/a><br><\/p><\/div><\/div>\n\n\n\n<div id=\"section-g-l4ji4p4\" class=\"wp-block-gutentor-e6 section-g-l4ji4p4 gutentor-element gutentor-element-image\"><div class=\"gutentor-element-image-box\"><div class=\"gutentor-image-thumb\"><img decoding=\"async\" class=\"normal-image\" src=\"https:\/\/apefadal.es\/wp-content\/uploads\/2026\/04\/red_global-EF-y-deporte.png\" \/><\/div><\/div><\/div>\n<\/div><\/div><\/div>\n\n\n\n<div id=\"g-ttlleo0\" class=\"wp-block-gutentor-m6-item section-g-ttlleo0 gutentor-module gutentor-module-accordion-item\"><div class=\"gutentor-module-accordion-panel g-a-panel-g-7d77677\"><div class=\"gm-ah-g-7d77677 gutentor-module-accordion-item-heading gutentor-module-icon-position-right\"><span class=\"gutentor-module-accordion-panel-handler\" role=\"button\"><span class=\"gutentor-module-accordion-panel-handler-label\"><strong>Claves de valor<\/strong><\/span><span class=\"gutentor-module-accordion-icon\"><i class=\"gm-aio-g-7d77677 gutentor-module-accordion-icon-open fas fa-plus\"><\/i><i class=\"gm-aic-g-7d77677 gutentor-module-accordion-icon-close fas fa-minus\"><\/i><\/span><\/span><\/div><div class=\"gm-ab-g-7d77677 gutentor-module-accordion-body\">\n<div id=\"section-g-yiht1h1\" class=\"wp-block-gutentor-e0 section-g-yiht1h1 gutentor-element gutentor-element-advanced-text\"><div class=\"gutentor-text-wrap\"><p class=\"gutentor-text\">El docente busca d\u00f3nde est\u00e1 el \u00abjugo\u00bb del art\u00edculo para reflexionar.<\/p><\/div><\/div>\n<\/div><\/div><\/div>\n\n\n\n<div id=\"g-clufujl\" class=\"wp-block-gutentor-m6-item section-g-clufujl gutentor-module gutentor-module-accordion-item\"><div class=\"gutentor-module-accordion-panel g-a-panel-g-7d77677\"><div class=\"gm-ah-g-7d77677 gutentor-module-accordion-item-heading gutentor-module-icon-position-right\"><span class=\"gutentor-module-accordion-panel-handler\" role=\"button\"><span class=\"gutentor-module-accordion-panel-handler-label\"><strong>La relevancia<\/strong><\/span><span class=\"gutentor-module-accordion-icon\"><i class=\"gm-aio-g-7d77677 gutentor-module-accordion-icon-open fas fa-plus\"><\/i><i class=\"gm-aic-g-7d77677 gutentor-module-accordion-icon-close fas fa-minus\"><\/i><\/span><\/span><\/div><div class=\"gm-ab-g-7d77677 gutentor-module-accordion-body\">\n<div id=\"section-g-6w2haap\" class=\"wp-block-gutentor-e0 section-g-6w2haap gutentor-element gutentor-element-advanced-text\"><div class=\"gutentor-text-wrap\"><p class=\"gutentor-text\">Explica por qu\u00e9 este art\u00edculo entra en tu web y no otro. Es tu filtro de calidad.<\/p><\/div><\/div>\n<\/div><\/div><\/div>\n\n\n\n<div id=\"g-n9195g0\" class=\"wp-block-gutentor-m6-item section-g-n9195g0 gutentor-module gutentor-module-accordion-item\"><div class=\"gutentor-module-accordion-panel g-a-panel-g-7d77677\"><div class=\"gm-ah-g-7d77677 gutentor-module-accordion-item-heading gutentor-module-icon-position-right\"><span class=\"gutentor-module-accordion-panel-handler\" role=\"button\"><span class=\"gutentor-module-accordion-panel-handler-label\"><strong>El prisma<\/strong><\/span><span class=\"gutentor-module-accordion-icon\"><i class=\"gm-aio-g-7d77677 gutentor-module-accordion-icon-open fas fa-plus\"><\/i><i class=\"gm-aic-g-7d77677 gutentor-module-accordion-icon-close fas fa-minus\"><\/i><\/span><\/span><\/div><div class=\"gm-ab-g-7d77677 gutentor-module-accordion-body\">\n<div id=\"section-g-1sn1bmy\" class=\"wp-block-gutentor-e0 section-g-1sn1bmy gutentor-element gutentor-element-advanced-text\"><div class=\"gutentor-text-wrap\"><p class=\"gutentor-text\">Define desde qu\u00e9 perspectiva se aborda (\u00bfes inclusivo?, \u00bfes t\u00e9cnico?, \u00bfes minimalista?).<\/p><\/div><\/div>\n<\/div><\/div><\/div>\n\n\n\n<div id=\"g-kc1q75k\" class=\"wp-block-gutentor-m6-item section-g-kc1q75k gutentor-module gutentor-module-accordion-item\"><div class=\"gutentor-module-accordion-panel g-a-panel-g-7d77677\"><div class=\"gm-ah-g-7d77677 gutentor-module-accordion-item-heading gutentor-module-icon-position-right\"><span class=\"gutentor-module-accordion-panel-handler\" role=\"button\"><span class=\"gutentor-module-accordion-panel-handler-label\"><strong>A pie de pista<\/strong><\/span><span class=\"gutentor-module-accordion-icon\"><i class=\"gm-aio-g-7d77677 gutentor-module-accordion-icon-open fas fa-plus\"><\/i><i class=\"gm-aic-g-7d77677 gutentor-module-accordion-icon-close fas fa-minus\"><\/i><\/span><\/span><\/div><div class=\"gm-ab-g-7d77677 gutentor-module-accordion-body\">\n<div id=\"section-g-36496y1\" class=\"wp-block-gutentor-e0 section-g-36496y1 gutentor-element gutentor-element-advanced-text\"><div class=\"gutentor-text-wrap\"><p class=\"gutentor-text\">Como corredor y docente, esta es tu impresi\u00f3n final aplicada a la realidad del patio.<\/p><\/div><\/div>\n<\/div><\/div><\/div>\n<\/div><\/section>\n\n\n\n<div data-wp-interactive=\"core\/file\" class=\"wp-block-file\"><object data-wp-bind--hidden=\"!state.hasPdfPreview\" hidden class=\"wp-block-file__embed\" data=\"https:\/\/apefadal.es\/wp-content\/uploads\/2026\/04\/Kairos_Chronos_Aion_version_ampliada-v25.04.26.pdf\" type=\"application\/pdf\" style=\"width:100%;height:800px\" aria-label=\"Incrustado de Kairos_Chronos_Aion_version_ampliada-v25.04.26.\"><\/object><a id=\"wp-block-file--media-42585d1c-5040-48ff-a170-9f89f8fddf9b\" href=\"https:\/\/apefadal.es\/wp-content\/uploads\/2026\/04\/Kairos_Chronos_Aion_version_ampliada-v25.04.26.pdf\">Kairos_Chronos_Aion_version_ampliada-v25.04.26<\/a><a href=\"https:\/\/apefadal.es\/wp-content\/uploads\/2026\/04\/Kairos_Chronos_Aion_version_ampliada-v25.04.26.pdf\" class=\"wp-block-file__button wp-element-button\" download aria-describedby=\"wp-block-file--media-42585d1c-5040-48ff-a170-9f89f8fddf9b\">Descarga<\/a><\/div>\n","protected":false},"excerpt":{"rendered":"","protected":false},"author":1,"featured_media":8751,"comment_status":"closed","ping_status":"closed","sticky":false,"template":"","format":"standard","meta":{"footnotes":""},"categories":[967],"tags":[],"class_list":["post-8746","post","type-post","status-publish","format-standard","has-post-thumbnail","hentry","category-pensamiento-pedagogico"],"gutentor_comment":0,"_links":{"self":[{"href":"https:\/\/apefadal.es\/index.php\/wp-json\/wp\/v2\/posts\/8746","targetHints":{"allow":["GET"]}}],"collection":[{"href":"https:\/\/apefadal.es\/index.php\/wp-json\/wp\/v2\/posts"}],"about":[{"href":"https:\/\/apefadal.es\/index.php\/wp-json\/wp\/v2\/types\/post"}],"author":[{"embeddable":true,"href":"https:\/\/apefadal.es\/index.php\/wp-json\/wp\/v2\/users\/1"}],"replies":[{"embeddable":true,"href":"https:\/\/apefadal.es\/index.php\/wp-json\/wp\/v2\/comments?post=8746"}],"version-history":[{"count":6,"href":"https:\/\/apefadal.es\/index.php\/wp-json\/wp\/v2\/posts\/8746\/revisions"}],"predecessor-version":[{"id":8759,"href":"https:\/\/apefadal.es\/index.php\/wp-json\/wp\/v2\/posts\/8746\/revisions\/8759"}],"wp:featuredmedia":[{"embeddable":true,"href":"https:\/\/apefadal.es\/index.php\/wp-json\/wp\/v2\/media\/8751"}],"wp:attachment":[{"href":"https:\/\/apefadal.es\/index.php\/wp-json\/wp\/v2\/media?parent=8746"}],"wp:term":[{"taxonomy":"category","embeddable":true,"href":"https:\/\/apefadal.es\/index.php\/wp-json\/wp\/v2\/categories?post=8746"},{"taxonomy":"post_tag","embeddable":true,"href":"https:\/\/apefadal.es\/index.php\/wp-json\/wp\/v2\/tags?post=8746"}],"curies":[{"name":"wp","href":"https:\/\/api.w.org\/{rel}","templated":true}]}}