{"id":5298,"date":"2024-04-26T09:46:12","date_gmt":"2024-04-26T09:46:12","guid":{"rendered":"https:\/\/apefadal.es\/?p=5298"},"modified":"2024-06-26T08:58:17","modified_gmt":"2024-06-26T08:58:17","slug":"iv-campeonato-individual-de-molkky","status":"publish","type":"post","link":"https:\/\/apefadal.es\/index.php\/2024\/04\/26\/iv-campeonato-individual-de-molkky\/","title":{"rendered":"IV Campeonato Individual de M\u00f6lkky"},"content":{"rendered":"\n<h2 class=\"wp-block-heading has-text-align-center\">\u00abIV Campeonato de ESPA\u00d1A individual de M\u00f6lkky\u00bb y \u00abVII campeonato de Getafe por equipos\u00bb<\/h2>\n\n\n\n<p class=\"has-text-align-center\"><strong>El domingo 16 de junio de 2024 en las pistas de calva junto al Polideportivo Juan de la Cierva de 10 a 14h<\/strong><\/p>\n\n\n\n<div id=\"gm199da9b\" class=\"wp-block-gutentor-m1 section-gm199da9b gutentor-module gutentor-element-button-group button-align-center-desktop g-btn-horizontal-d g-btn-horizontal-t g-btn-horizontal-m\"><div class=\"gutentor-element-button-group-wrap\">\n<div id=\"section-g43fa38\" class=\"wp-block-gutentor-e2 section-g43fa38 gutentor-element gutentor-element-button\"><span class=\"gutentor-button-wrap\"><a class=\"gutentor-button gutentor-block-button gutentor-icon-hide\" target=\"_blank\" rel=\"noopener noreferrer\"><i class=\"gutentor-button-icon fas fa-book\"><\/i><span><strong>Formulario de inscripci\u00f3n<\/strong><\/span><\/a><\/span><\/div>\n\n\n\n<div id=\"section-g860063\" class=\"wp-block-gutentor-e2 section-g860063 gutentor-element gutentor-element-button\"><span class=\"gutentor-button-wrap\"><a class=\"gutentor-button gutentor-block-button gutentor-icon-hide\" href=\"https:\/\/maps.app.goo.gl\/DhiiVZW16dxgqVQG9\" target=\"_blank\" rel=\"noopener noreferrer\"><i class=\"gutentor-button-icon fas fa-book\"><\/i><span><strong>Ubicaci\u00f3n campos de Calva<\/strong><\/span><\/a><\/span><\/div>\n\n\n\n<div id=\"section-g687816\" class=\"wp-block-gutentor-e2 section-g687816 gutentor-element gutentor-element-button\"><span class=\"gutentor-button-wrap\"><a class=\"gutentor-button gutentor-block-button gutentor-icon-hide\" href=\"https:\/\/maps.app.goo.gl\/Uj3iVvMBzLTWfXCQ7\" target=\"_blank\" rel=\"noopener noreferrer\"><i class=\"gutentor-button-icon fas fa-book\"><\/i><span><strong>Ubicaci\u00f3n aparcamiento Juan de la Cierva<\/strong><\/span><\/a><\/span><\/div>\n<\/div><\/div>\n\n\n\n<p class=\"has-text-align-center has-medium-font-size\"><strong>IV Campeonato de ESPA\u00d1A de M\u00f6lkky INDIVIDUAL<\/strong><\/p>\n\n\n\n<p class=\"has-text-align-center has-medium-font-size\"><strong>VI Campeonato de M\u00f6lkky por equipos (2 o 3 personas)<\/strong> <strong>con motivo de las Fiestas de Patronales de Getafe 2024<\/strong><\/p>\n\n\n\n<p class=\"has-text-align-center\"><strong>Domingo 16 de junio a las 10H horas en el Polideportivo Juan de la Cierva. Campos de Calva (Av. Don Juan de Borb\u00f3n)<\/strong><\/p>\n\n\n\n<iframe src=\"https:\/\/www.google.com\/maps\/embed?pb=!1m17!1m12!1m3!1d910.0531779726361!2d-3.7215687303461804!3d40.31809602076016!2m3!1f0!2f0!3f0!3m2!1i1024!2i768!4f13.1!3m2!1m1!2zNDDCsDE5JzA1LjEiTiAzwrA0MycxNS4zIlc!5e1!3m2!1ses!2ses!4v1714124469633!5m2!1ses!2ses\" width=\"600\" height=\"450\" style=\"border:0;\" allowfullscreen=\"\" loading=\"lazy\" referrerpolicy=\"no-referrer-when-downgrade\"><\/iframe>\n\n\n\n<h2 class=\"wp-block-heading has-text-align-center has-luminous-vivid-amber-background-color has-background\">Programa definitivo<\/h2>\n\n\n\n<p class=\"has-text-align-center has-pale-cyan-blue-background-color has-background\"><strong><em><u>IV Campeonato de Espa\u00f1a de M\u00f6lkky Individual<\/u><\/em><\/strong><\/p>\n\n\n\n<p class=\"has-text-align-center\">10:00h a 10:15h Calentamiento.<\/p>\n\n\n\n<p class=\"has-text-align-center\">10:15 h a 10:25h Explicaci\u00f3n del campeonato y foto.<\/p>\n\n\n\n<p class=\"has-text-align-center\">10:30 a 11:30h Fase de Liga (5 partidos de 12 minutos &#8211; pasan los 2 mejores de cada grupo)<\/p>\n\n\n\n<p class=\"has-text-align-center\">11:35 a 11:47h Cuartos de Final Eliminatoria<\/p>\n\n\n\n<p class=\"has-text-align-center\">11:50 a 12:02h Semifinales (con sorteo)<\/p>\n\n\n\n<p class=\"has-text-align-center\">12:02 a 12:32 Finales a el\/la mejor de 3 partidas. La final A corta la final B.<\/p>\n\n\n\n<p class=\"has-text-align-center has-pale-cyan-blue-background-color has-background\"><strong><em><u>VI Campeonato de M\u00f6lkky por equipos de Getafe<\/u><\/em><\/strong><strong><em><u><\/u><\/em><\/strong><\/p>\n\n\n\n<p class=\"has-text-align-center\">12:35h a 13:59 Copa doble eliminatoria 7 partidos de 12 minutos<\/p>\n\n\n\n<p class=\"has-text-align-center\">14:00 a 14:30 Final<\/p>\n\n\n\n<p class=\"has-text-align-center\">14:30 Entrega de Premios<\/p>\n\n\n\n<h2 class=\"wp-block-heading has-text-align-center has-luminous-vivid-amber-background-color has-background\">Cuadros de competici\u00f3n \u00abIV Campeonato de Espa\u00f1a individual de M\u00f6lkky\u00bb<\/h2>\n\n\n\n<figure class=\"wp-block-gallery has-nested-images columns-default is-cropped wp-block-gallery-1 is-layout-flex wp-block-gallery-is-layout-flex\">\n<figure class=\"wp-block-image size-large\"><a href=\"https:\/\/apefadal.es\/wp-content\/uploads\/2024\/04\/Liga-individual-grupo-1-y-2.jpg\" target=\"_blank\" rel=\"noopener\"><img loading=\"lazy\" decoding=\"async\" width=\"725\" height=\"1024\" data-id=\"5424\" src=\"https:\/\/apefadal.es\/wp-content\/uploads\/2024\/04\/Liga-individual-grupo-1-y-2-725x1024.jpg\" alt=\"\" class=\"wp-image-5424\" srcset=\"https:\/\/apefadal.es\/wp-content\/uploads\/2024\/04\/Liga-individual-grupo-1-y-2-725x1024.jpg 725w, https:\/\/apefadal.es\/wp-content\/uploads\/2024\/04\/Liga-individual-grupo-1-y-2-212x300.jpg 212w, https:\/\/apefadal.es\/wp-content\/uploads\/2024\/04\/Liga-individual-grupo-1-y-2.jpg 759w\" sizes=\"auto, (max-width: 725px) 100vw, 725px\" \/><\/a><\/figure>\n\n\n\n<figure class=\"wp-block-image size-large\"><a href=\"https:\/\/apefadal.es\/wp-content\/uploads\/2024\/04\/Liga-individual-grupo-3-y-4.jpg\" target=\"_blank\" rel=\"noopener\"><img loading=\"lazy\" decoding=\"async\" width=\"721\" height=\"1024\" data-id=\"5425\" src=\"https:\/\/apefadal.es\/wp-content\/uploads\/2024\/04\/Liga-individual-grupo-3-y-4-721x1024.jpg\" alt=\"\" class=\"wp-image-5425\" srcset=\"https:\/\/apefadal.es\/wp-content\/uploads\/2024\/04\/Liga-individual-grupo-3-y-4-721x1024.jpg 721w, https:\/\/apefadal.es\/wp-content\/uploads\/2024\/04\/Liga-individual-grupo-3-y-4-211x300.jpg 211w, https:\/\/apefadal.es\/wp-content\/uploads\/2024\/04\/Liga-individual-grupo-3-y-4.jpg 756w\" sizes=\"auto, (max-width: 721px) 100vw, 721px\" \/><\/a><\/figure>\n\n\n\n<figure class=\"wp-block-image size-large\"><a href=\"https:\/\/apefadal.es\/wp-content\/uploads\/2024\/04\/pagina01-scaled.jpg\" target=\"_blank\" rel=\"noopener\"><img loading=\"lazy\" decoding=\"async\" width=\"1024\" height=\"724\" data-id=\"5426\" src=\"https:\/\/apefadal.es\/wp-content\/uploads\/2024\/04\/pagina01-1024x724.jpg\" alt=\"\" class=\"wp-image-5426\" srcset=\"https:\/\/apefadal.es\/wp-content\/uploads\/2024\/04\/pagina01-1024x724.jpg 1024w, https:\/\/apefadal.es\/wp-content\/uploads\/2024\/04\/pagina01-300x212.jpg 300w, https:\/\/apefadal.es\/wp-content\/uploads\/2024\/04\/pagina01-768x543.jpg 768w, https:\/\/apefadal.es\/wp-content\/uploads\/2024\/04\/pagina01-1536x1086.jpg 1536w, https:\/\/apefadal.es\/wp-content\/uploads\/2024\/04\/pagina01-2048x1448.jpg 2048w, https:\/\/apefadal.es\/wp-content\/uploads\/2024\/04\/pagina01-340x240.jpg 340w\" sizes=\"auto, (max-width: 1024px) 100vw, 1024px\" \/><\/a><\/figure>\n<\/figure>\n\n\n\n<h2 class=\"wp-block-heading has-text-align-center has-luminous-vivid-amber-background-color has-background\">Cuadros de competici\u00f3n \u00abVII Campeonato de Getafe de M\u00f6lkky por Equipos\u00bb Fiestas patronales.<\/h2>\n\n\n<div class=\"wp-block-image\">\n<figure class=\"aligncenter size-large is-resized\"><a href=\"https:\/\/apefadal.es\/wp-content\/uploads\/2024\/04\/Copa-Fiestas-Getafe-Molkky-Equipos-scaled.jpg\" target=\"_blank\" rel=\"noreferrer noopener\"><img loading=\"lazy\" decoding=\"async\" width=\"1024\" height=\"724\" src=\"https:\/\/apefadal.es\/wp-content\/uploads\/2024\/04\/Copa-Fiestas-Getafe-Molkky-Equipos-1024x724.jpg\" alt=\"\" class=\"wp-image-5406\" style=\"width:1024px;height:auto\" srcset=\"https:\/\/apefadal.es\/wp-content\/uploads\/2024\/04\/Copa-Fiestas-Getafe-Molkky-Equipos-1024x724.jpg 1024w, https:\/\/apefadal.es\/wp-content\/uploads\/2024\/04\/Copa-Fiestas-Getafe-Molkky-Equipos-300x212.jpg 300w, https:\/\/apefadal.es\/wp-content\/uploads\/2024\/04\/Copa-Fiestas-Getafe-Molkky-Equipos-768x543.jpg 768w, https:\/\/apefadal.es\/wp-content\/uploads\/2024\/04\/Copa-Fiestas-Getafe-Molkky-Equipos-1536x1086.jpg 1536w, https:\/\/apefadal.es\/wp-content\/uploads\/2024\/04\/Copa-Fiestas-Getafe-Molkky-Equipos-2048x1448.jpg 2048w, https:\/\/apefadal.es\/wp-content\/uploads\/2024\/04\/Copa-Fiestas-Getafe-Molkky-Equipos-340x240.jpg 340w\" sizes=\"auto, (max-width: 1024px) 100vw, 1024px\" \/><\/a><\/figure>\n<\/div>\n\n\n<h2 class=\"wp-block-heading has-text-align-center has-vivid-red-color has-luminous-vivid-amber-background-color has-text-color has-background has-link-color wp-elements-5afba0987cf97b24d569dcbd416399f9\">Inscripciones cerradas<\/h2>\n\n\n\n<p class=\"has-text-align-center\"><strong>Inscripci\u00f3n previa, PLAZAS LIMITADAS. En el campeonato de Espa\u00f1a Jugaremos en la modalidad individual y luego en equipos de 2 \u00f3 3 participantes.<\/strong><\/p>\n\n\n\n<p class=\"has-text-align-center\"><strong>Categor\u00eda Absoluta. Premios para los 3 primeros equipos.<\/strong><\/p>\n\n\n\n<p class=\"has-text-align-center\"><strong>Inscripci\u00f3n a trav\u00e9s del formulario de Google<\/strong>.<\/p>\n\n\n\n<p><strong>&nbsp;<\/strong><\/p>\n\n\n\n<p class=\"has-text-align-center\"><strong>ACTIVIDAD GRATUITA<\/strong>. <strong>NOSOTROS PONEMOS<\/strong> <strong>EL MATERIAL<\/strong>, <strong>Y TU LAS GANAS DE<\/strong> <strong>PASARLO BIEN<\/strong>.<\/p>\n\n\n\n<p class=\"has-text-align-right\"><a href=\"https:\/\/www.freepik.es\/vector-gratis\/fondo-geometria-colorida_802440.htm#fromView=search&amp;page=1&amp;position=16&amp;uuid=5f3dc444-e60e-4f22-b792-af5d2f103fb8\">Imagen de beardedguy en Freepik<\/a><\/p>\n","protected":false},"excerpt":{"rendered":"<p>\u00abIV Campeonato de ESPA\u00d1A individual de M\u00f6lkky\u00bb y \u00abVII campeonato de Getafe por equipos\u00bb El domingo 16 de junio de 2024 en las pistas de calva junto al Polideportivo Juan de la Cierva de 10 a 14h IV Campeonato de ESPA\u00d1A de M\u00f6lkky INDIVIDUAL VI Campeonato de M\u00f6lkky por equipos (2 o 3 personas) con&hellip;<\/p>\n","protected":false},"author":1,"featured_media":5315,"comment_status":"closed","ping_status":"closed","sticky":false,"template":"","format":"standard","meta":{"footnotes":""},"categories":[494,5],"tags":[],"class_list":["post-5298","post","type-post","status-publish","format-standard","has-post-thumbnail","hentry","category-aemolkky","category-comunicados"],"gutentor_comment":0,"_links":{"self":[{"href":"https:\/\/apefadal.es\/index.php\/wp-json\/wp\/v2\/posts\/5298","targetHints":{"allow":["GET"]}}],"collection":[{"href":"https:\/\/apefadal.es\/index.php\/wp-json\/wp\/v2\/posts"}],"about":[{"href":"https:\/\/apefadal.es\/index.php\/wp-json\/wp\/v2\/types\/post"}],"author":[{"embeddable":true,"href":"https:\/\/apefadal.es\/index.php\/wp-json\/wp\/v2\/users\/1"}],"replies":[{"embeddable":true,"href":"https:\/\/apefadal.es\/index.php\/wp-json\/wp\/v2\/comments?post=5298"}],"version-history":[{"count":18,"href":"https:\/\/apefadal.es\/index.php\/wp-json\/wp\/v2\/posts\/5298\/revisions"}],"predecessor-version":[{"id":5432,"href":"https:\/\/apefadal.es\/index.php\/wp-json\/wp\/v2\/posts\/5298\/revisions\/5432"}],"wp:featuredmedia":[{"embeddable":true,"href":"https:\/\/apefadal.es\/index.php\/wp-json\/wp\/v2\/media\/5315"}],"wp:attachment":[{"href":"https:\/\/apefadal.es\/index.php\/wp-json\/wp\/v2\/media?parent=5298"}],"wp:term":[{"taxonomy":"category","embeddable":true,"href":"https:\/\/apefadal.es\/index.php\/wp-json\/wp\/v2\/categories?post=5298"},{"taxonomy":"post_tag","embeddable":true,"href":"https:\/\/apefadal.es\/index.php\/wp-json\/wp\/v2\/tags?post=5298"}],"curies":[{"name":"wp","href":"https:\/\/api.w.org\/{rel}","templated":true}]}}