{"id":3391,"date":"2019-02-15T11:05:00","date_gmt":"2019-02-15T11:05:00","guid":{"rendered":"https:\/\/apefadal.es\/?p=3391"},"modified":"2022-09-06T11:21:10","modified_gmt":"2022-09-06T11:21:10","slug":"xxii-encuentros-ludico-deportivos-por-la-igualdad-y-la-interculturalidad-de-la-comunidad-de-madrid","status":"publish","type":"post","link":"https:\/\/apefadal.es\/index.php\/2019\/02\/15\/xxii-encuentros-ludico-deportivos-por-la-igualdad-y-la-interculturalidad-de-la-comunidad-de-madrid\/","title":{"rendered":"XXII Encuentros L\u00fadico-deportivos por la Igualdad y la Interculturalidad de la Comunidad de Madrid"},"content":{"rendered":"\n<h2 class=\"has-text-align-center wp-block-heading\">Del 28 de marzo al 30 de mayo en Legan\u00e9s.<\/h2>\n\n\n\n<h2 class=\"wp-block-heading\">Documentaci\u00f3n del proyecto: Curso de Formaci\u00f3n y Evento.<\/h2>\n\n\n\n<div class=\"wp-block-file\"><a id=\"wp-block-file--media-7ce63d37-717c-4217-aee3-8f590a216d08\" href=\"https:\/\/apefadal.es\/wp-content\/uploads\/2022\/09\/02_xxii_calendario_jornadas.pdf\">02_xxii_calendario_jornadas<\/a><a href=\"https:\/\/apefadal.es\/wp-content\/uploads\/2022\/09\/02_xxii_calendario_jornadas.pdf\" class=\"wp-block-file__button\" download aria-describedby=\"wp-block-file--media-7ce63d37-717c-4217-aee3-8f590a216d08\">Descarga<\/a><\/div>\n\n\n\n<div class=\"wp-block-file\"><a id=\"wp-block-file--media-7ce63d37-717c-4217-aee3-8f590a216d08\" href=\"https:\/\/apefadal.es\/wp-content\/uploads\/2022\/09\/03_xxii_encuentros_ficha_inscripcion_centro.pdf\">03_xxii_encuentros_ficha_inscripcion_centro<\/a><a href=\"https:\/\/apefadal.es\/wp-content\/uploads\/2022\/09\/03_xxii_encuentros_ficha_inscripcion_centro.pdf\" class=\"wp-block-file__button\" download aria-describedby=\"wp-block-file--media-7ce63d37-717c-4217-aee3-8f590a216d08\">Descarga<\/a><\/div>\n\n\n\n<div class=\"wp-block-file\"><a id=\"wp-block-file--media-7ce63d37-717c-4217-aee3-8f590a216d08\" href=\"https:\/\/apefadal.es\/wp-content\/uploads\/2022\/09\/04_xxii_encuentros_plano_provisional.pdf\">04_xxii_encuentros_plano_provisional<\/a><a href=\"https:\/\/apefadal.es\/wp-content\/uploads\/2022\/09\/04_xxii_encuentros_plano_provisional.pdf\" class=\"wp-block-file__button\" download aria-describedby=\"wp-block-file--media-7ce63d37-717c-4217-aee3-8f590a216d08\">Descarga<\/a><\/div>\n\n\n\n<div class=\"wp-block-file\"><a id=\"wp-block-file--media-7ce63d37-717c-4217-aee3-8f590a216d08\" href=\"https:\/\/apefadal.es\/wp-content\/uploads\/2022\/09\/05_xxi_encuentros_ficha_alumnado.doc\">05_xxi_encuentros_ficha_alumnado<\/a><a href=\"https:\/\/apefadal.es\/wp-content\/uploads\/2022\/09\/05_xxi_encuentros_ficha_alumnado.doc\" class=\"wp-block-file__button\" download aria-describedby=\"wp-block-file--media-7ce63d37-717c-4217-aee3-8f590a216d08\">Descarga<\/a><\/div>\n\n\n\n<div class=\"wp-block-file\"><a id=\"wp-block-file--media-7ce63d37-717c-4217-aee3-8f590a216d08\" href=\"https:\/\/apefadal.es\/wp-content\/uploads\/2022\/09\/06_coreografias_encuentros2019.pdf\">06_coreografias_encuentros2019<\/a><a href=\"https:\/\/apefadal.es\/wp-content\/uploads\/2022\/09\/06_coreografias_encuentros2019.pdf\" class=\"wp-block-file__button\" download aria-describedby=\"wp-block-file--media-7ce63d37-717c-4217-aee3-8f590a216d08\">Descarga<\/a><\/div>\n\n\n\n<div class=\"wp-block-file\"><a id=\"wp-block-file--media-7ce63d37-717c-4217-aee3-8f590a216d08\" href=\"https:\/\/apefadal.es\/wp-content\/uploads\/2022\/09\/07_dossier_igualdad.pdf\">07_dossier_igualdad<\/a><a href=\"https:\/\/apefadal.es\/wp-content\/uploads\/2022\/09\/07_dossier_igualdad.pdf\" class=\"wp-block-file__button\" download aria-describedby=\"wp-block-file--media-7ce63d37-717c-4217-aee3-8f590a216d08\">Descarga<\/a><\/div>\n\n\n\n<div class=\"wp-block-file\"><a id=\"wp-block-file--media-7ce63d37-717c-4217-aee3-8f590a216d08\" href=\"https:\/\/apefadal.es\/wp-content\/uploads\/2022\/09\/XXII-Encuentros-planillas-definitivas-2.pdf\">XXII Encuentros planillas definitivas 2<\/a><a href=\"https:\/\/apefadal.es\/wp-content\/uploads\/2022\/09\/XXII-Encuentros-planillas-definitivas-2.pdf\" class=\"wp-block-file__button\" download aria-describedby=\"wp-block-file--media-7ce63d37-717c-4217-aee3-8f590a216d08\">Descarga<\/a><\/div>\n","protected":false},"excerpt":{"rendered":"<p>Del 28 de marzo al 30 de mayo en Legan\u00e9s. Documentaci\u00f3n del proyecto: Curso de Formaci\u00f3n y Evento.<\/p>\n","protected":false},"author":1,"featured_media":3392,"comment_status":"closed","ping_status":"closed","sticky":false,"template":"","format":"standard","meta":{"footnotes":""},"categories":[651],"tags":[437],"class_list":["post-3391","post","type-post","status-publish","format-standard","has-post-thumbnail","hentry","category-encuentros","tag-encuentros-por-la-igualdad"],"gutentor_comment":0,"_links":{"self":[{"href":"https:\/\/apefadal.es\/index.php\/wp-json\/wp\/v2\/posts\/3391","targetHints":{"allow":["GET"]}}],"collection":[{"href":"https:\/\/apefadal.es\/index.php\/wp-json\/wp\/v2\/posts"}],"about":[{"href":"https:\/\/apefadal.es\/index.php\/wp-json\/wp\/v2\/types\/post"}],"author":[{"embeddable":true,"href":"https:\/\/apefadal.es\/index.php\/wp-json\/wp\/v2\/users\/1"}],"replies":[{"embeddable":true,"href":"https:\/\/apefadal.es\/index.php\/wp-json\/wp\/v2\/comments?post=3391"}],"version-history":[{"count":1,"href":"https:\/\/apefadal.es\/index.php\/wp-json\/wp\/v2\/posts\/3391\/revisions"}],"predecessor-version":[{"id":3400,"href":"https:\/\/apefadal.es\/index.php\/wp-json\/wp\/v2\/posts\/3391\/revisions\/3400"}],"wp:featuredmedia":[{"embeddable":true,"href":"https:\/\/apefadal.es\/index.php\/wp-json\/wp\/v2\/media\/3392"}],"wp:attachment":[{"href":"https:\/\/apefadal.es\/index.php\/wp-json\/wp\/v2\/media?parent=3391"}],"wp:term":[{"taxonomy":"category","embeddable":true,"href":"https:\/\/apefadal.es\/index.php\/wp-json\/wp\/v2\/categories?post=3391"},{"taxonomy":"post_tag","embeddable":true,"href":"https:\/\/apefadal.es\/index.php\/wp-json\/wp\/v2\/tags?post=3391"}],"curies":[{"name":"wp","href":"https:\/\/api.w.org\/{rel}","templated":true}]}}