{"id":3342,"date":"2022-06-08T08:34:11","date_gmt":"2022-06-08T08:34:11","guid":{"rendered":"https:\/\/apefadal.es\/?p=3342"},"modified":"2022-06-08T08:34:14","modified_gmt":"2022-06-08T08:34:14","slug":"comunicado-interno-8-2022","status":"publish","type":"post","link":"https:\/\/apefadal.es\/index.php\/2022\/06\/08\/comunicado-interno-8-2022\/","title":{"rendered":"Comunicado interno 8\/2022"},"content":{"rendered":"\n<p class=\"has-text-align-center has-luminous-vivid-orange-color has-text-color has-background has-medium-font-size\" style=\"background-color:#14205c\"><b>SUSPENSI\u00d3N DEL CURSO:  \u201c<\/b><strong style=\"font-weight: bold;\"><strong>TWINCON, EL DEPORTE COEDUCATIVO E INCLUSIVO<\/strong><\/strong><strong><strong>\u201d<\/strong>.<\/strong><\/p>\n\n\n\n<p>Lamentamos comunicaros que no hemos alcanzado el m\u00ednimo de 15 inscripciones para la actividad \u00ab<strong>TWINCON, EL DEPORTE COEDUCATIVO E INCLUSIVO<\/strong>\u00bb\u00a0 por lo que no podemos sacarlo adelante. <\/p>\n\n\n\n<p>Durante el primer trimestre del curso que viene, os haremos llegar unos formularios para escoger qu\u00e9 actividades de las programadas para este curso os interesan y cu\u00e1ndo quer\u00e9is realizarlas el primer\u00a0trimestre del curso que\u00a0viene.<\/p>\n\n\n\n<p>Por \u00faltimo os pedimos que respond\u00e1is al correo que os hemos enviado inform\u00e1ndonos de vuestro n\u00famero de cuenta IBAN para realizar la devoluci\u00f3n de la cuota.<\/p>\n\n\n\n<p>Un saludo.<\/p>\n","protected":false},"excerpt":{"rendered":"<p>SUSPENSI\u00d3N DEL CURSO: \u201cTWINCON, EL DEPORTE COEDUCATIVO E INCLUSIVO\u201d. Lamentamos comunicaros que no hemos alcanzado el m\u00ednimo de 15 inscripciones para la actividad \u00abTWINCON, EL DEPORTE COEDUCATIVO E INCLUSIVO\u00bb\u00a0 por lo que no podemos sacarlo adelante. Durante el primer trimestre del curso que viene, os haremos llegar unos formularios para escoger qu\u00e9 actividades de las&hellip;<\/p>\n","protected":false},"author":1,"featured_media":2771,"comment_status":"closed","ping_status":"closed","sticky":false,"template":"","format":"standard","meta":{"footnotes":""},"categories":[6],"tags":[],"class_list":["post-3342","post","type-post","status-publish","format-standard","has-post-thumbnail","hentry","category-comunicados-cursos"],"gutentor_comment":0,"_links":{"self":[{"href":"https:\/\/apefadal.es\/index.php\/wp-json\/wp\/v2\/posts\/3342","targetHints":{"allow":["GET"]}}],"collection":[{"href":"https:\/\/apefadal.es\/index.php\/wp-json\/wp\/v2\/posts"}],"about":[{"href":"https:\/\/apefadal.es\/index.php\/wp-json\/wp\/v2\/types\/post"}],"author":[{"embeddable":true,"href":"https:\/\/apefadal.es\/index.php\/wp-json\/wp\/v2\/users\/1"}],"replies":[{"embeddable":true,"href":"https:\/\/apefadal.es\/index.php\/wp-json\/wp\/v2\/comments?post=3342"}],"version-history":[{"count":1,"href":"https:\/\/apefadal.es\/index.php\/wp-json\/wp\/v2\/posts\/3342\/revisions"}],"predecessor-version":[{"id":3343,"href":"https:\/\/apefadal.es\/index.php\/wp-json\/wp\/v2\/posts\/3342\/revisions\/3343"}],"wp:featuredmedia":[{"embeddable":true,"href":"https:\/\/apefadal.es\/index.php\/wp-json\/wp\/v2\/media\/2771"}],"wp:attachment":[{"href":"https:\/\/apefadal.es\/index.php\/wp-json\/wp\/v2\/media?parent=3342"}],"wp:term":[{"taxonomy":"category","embeddable":true,"href":"https:\/\/apefadal.es\/index.php\/wp-json\/wp\/v2\/categories?post=3342"},{"taxonomy":"post_tag","embeddable":true,"href":"https:\/\/apefadal.es\/index.php\/wp-json\/wp\/v2\/tags?post=3342"}],"curies":[{"name":"wp","href":"https:\/\/api.w.org\/{rel}","templated":true}]}}