{"id":1973,"date":"2021-04-12T11:03:10","date_gmt":"2021-04-12T11:03:10","guid":{"rendered":"https:\/\/apefadal.es\/?p=1973"},"modified":"2021-06-07T10:54:44","modified_gmt":"2021-06-07T10:54:44","slug":"comunicado-interno-07-2020-21","status":"publish","type":"post","link":"https:\/\/apefadal.es\/index.php\/2021\/04\/12\/comunicado-interno-07-2020-21\/","title":{"rendered":"Comunicado Interno 07-2020\/21"},"content":{"rendered":"\n<h2 class=\"has-text-align-center has-luminous-vivid-orange-color has-text-color has-background wp-block-heading\" style=\"background-color:#14205c\">COMIENZO DEL CURSO: <strong>\u201cTECNOLOG\u00cdAS\u00a0DIGITALES DE LA SALUD DESDE UNA PERSPECTIVA CR\u00cdTICA: DISE\u00d1O Y DESARROLLO DE PROPUESTAS EDUCATIVAS EN EDUCACI\u00d3N F\u00cdSICA\u201d<\/strong><\/h2>\n\n\n\n<p>Me pongo en contacto con vosotr@s para notificaros oficialmente vuestra admisi\u00f3n en el curso. <\/p>\n\n\n\n<p>Ma\u00f1ana\u00a0martes\u00a0<strong>d\u00eda 13<\/strong>, recibir\u00e9is un correo de la ponente\/tutora, Mar\u00eda Jose Camacho, con el enlace al v\u00eddeo que deb\u00e9is ver antes\u00a0de la sesi\u00f3n presencial que se realizar\u00e1 el 19\/04\/2021 de 17 a 20:30h.<\/p>\n\n\n\n<p>Un saludo.<\/p>\n","protected":false},"excerpt":{"rendered":"<p>COMIENZO DEL CURSO: \u201cTECNOLOG\u00cdAS\u00a0DIGITALES DE LA SALUD DESDE UNA PERSPECTIVA CR\u00cdTICA: DISE\u00d1O Y DESARROLLO DE PROPUESTAS EDUCATIVAS EN EDUCACI\u00d3N F\u00cdSICA\u201d Me pongo en contacto con vosotr@s para notificaros oficialmente vuestra admisi\u00f3n en el curso. Ma\u00f1ana\u00a0martes\u00a0d\u00eda 13, recibir\u00e9is un correo de la ponente\/tutora, Mar\u00eda Jose Camacho, con el enlace al v\u00eddeo que deb\u00e9is ver antes\u00a0de la&hellip;<\/p>\n","protected":false},"author":1,"featured_media":1902,"comment_status":"closed","ping_status":"closed","sticky":false,"template":"","format":"standard","meta":{"footnotes":""},"categories":[6],"tags":[],"class_list":["post-1973","post","type-post","status-publish","format-standard","has-post-thumbnail","hentry","category-comunicados-cursos"],"gutentor_comment":0,"_links":{"self":[{"href":"https:\/\/apefadal.es\/index.php\/wp-json\/wp\/v2\/posts\/1973","targetHints":{"allow":["GET"]}}],"collection":[{"href":"https:\/\/apefadal.es\/index.php\/wp-json\/wp\/v2\/posts"}],"about":[{"href":"https:\/\/apefadal.es\/index.php\/wp-json\/wp\/v2\/types\/post"}],"author":[{"embeddable":true,"href":"https:\/\/apefadal.es\/index.php\/wp-json\/wp\/v2\/users\/1"}],"replies":[{"embeddable":true,"href":"https:\/\/apefadal.es\/index.php\/wp-json\/wp\/v2\/comments?post=1973"}],"version-history":[{"count":3,"href":"https:\/\/apefadal.es\/index.php\/wp-json\/wp\/v2\/posts\/1973\/revisions"}],"predecessor-version":[{"id":2230,"href":"https:\/\/apefadal.es\/index.php\/wp-json\/wp\/v2\/posts\/1973\/revisions\/2230"}],"wp:featuredmedia":[{"embeddable":true,"href":"https:\/\/apefadal.es\/index.php\/wp-json\/wp\/v2\/media\/1902"}],"wp:attachment":[{"href":"https:\/\/apefadal.es\/index.php\/wp-json\/wp\/v2\/media?parent=1973"}],"wp:term":[{"taxonomy":"category","embeddable":true,"href":"https:\/\/apefadal.es\/index.php\/wp-json\/wp\/v2\/categories?post=1973"},{"taxonomy":"post_tag","embeddable":true,"href":"https:\/\/apefadal.es\/index.php\/wp-json\/wp\/v2\/tags?post=1973"}],"curies":[{"name":"wp","href":"https:\/\/api.w.org\/{rel}","templated":true}]}}