{"id":1741,"date":"2021-02-23T12:58:54","date_gmt":"2021-02-23T12:58:54","guid":{"rendered":"https:\/\/apefadal.es\/?p=1741"},"modified":"2021-02-23T12:59:00","modified_gmt":"2021-02-23T12:59:00","slug":"comunicado-interno-03-2020-21","status":"publish","type":"post","link":"https:\/\/apefadal.es\/index.php\/2021\/02\/23\/comunicado-interno-03-2020-21\/","title":{"rendered":"COMUNICADO INTERNO 03-2020\/21"},"content":{"rendered":"\n<p class=\"has-text-align-center has-luminous-vivid-orange-color has-text-color has-background has-medium-font-size\" style=\"background-color:#14205c\"><strong>RETRASO EN EL COMIENZO DEL CURSO: \u00abEL M\u00d6LKKY Y EL M\u00d6LKKOUT COMO RECURSO DID\u00c1CTICO\u00bb<\/strong><\/p>\n\n\n\n<p>Cambio de fechas de la actividad formativa: \u201cEL M\u00d6LKKY Y EL M\u00d6LKKOUT COMO RECURSO DID\u00c1CTICO\u201d.\u00a0<\/p>\n\n\n\n<p>Dado que la Comunidad de Madrid sigue sin notificarnos oficialmente la aprobaci\u00f3n del plan de formaci\u00f3n de la Asociaci\u00f3n ADAL para 2021. Nos vemos en la obligaci\u00f3n de trasladar el comienzo de la actividad del jueves 25\/02 que estaba prevista al <strong>MARTES 2\/03<\/strong> la fecha de finalizaci\u00f3n se mantendr\u00e1 en el 08\/03.<\/p>\n\n\n\n<p>Lamentamos las posibles molestias ocasionadas.<\/p>\n\n\n\n<p>Un saludo.<\/p>\n","protected":false},"excerpt":{"rendered":"<p>RETRASO EN EL COMIENZO DEL CURSO: \u00abEL M\u00d6LKKY Y EL M\u00d6LKKOUT COMO RECURSO DID\u00c1CTICO\u00bb Cambio de fechas de la actividad formativa: \u201cEL M\u00d6LKKY Y EL M\u00d6LKKOUT COMO RECURSO DID\u00c1CTICO\u201d.\u00a0 Dado que la Comunidad de Madrid sigue sin notificarnos oficialmente la aprobaci\u00f3n del plan de formaci\u00f3n de la Asociaci\u00f3n ADAL para 2021. Nos vemos en la&hellip;<\/p>\n","protected":false},"author":1,"featured_media":1678,"comment_status":"closed","ping_status":"closed","sticky":false,"template":"","format":"standard","meta":{"footnotes":""},"categories":[6],"tags":[7],"class_list":["post-1741","post","type-post","status-publish","format-standard","has-post-thumbnail","hentry","category-comunicados-cursos","tag-comunicados"],"gutentor_comment":0,"_links":{"self":[{"href":"https:\/\/apefadal.es\/index.php\/wp-json\/wp\/v2\/posts\/1741","targetHints":{"allow":["GET"]}}],"collection":[{"href":"https:\/\/apefadal.es\/index.php\/wp-json\/wp\/v2\/posts"}],"about":[{"href":"https:\/\/apefadal.es\/index.php\/wp-json\/wp\/v2\/types\/post"}],"author":[{"embeddable":true,"href":"https:\/\/apefadal.es\/index.php\/wp-json\/wp\/v2\/users\/1"}],"replies":[{"embeddable":true,"href":"https:\/\/apefadal.es\/index.php\/wp-json\/wp\/v2\/comments?post=1741"}],"version-history":[{"count":1,"href":"https:\/\/apefadal.es\/index.php\/wp-json\/wp\/v2\/posts\/1741\/revisions"}],"predecessor-version":[{"id":1742,"href":"https:\/\/apefadal.es\/index.php\/wp-json\/wp\/v2\/posts\/1741\/revisions\/1742"}],"wp:featuredmedia":[{"embeddable":true,"href":"https:\/\/apefadal.es\/index.php\/wp-json\/wp\/v2\/media\/1678"}],"wp:attachment":[{"href":"https:\/\/apefadal.es\/index.php\/wp-json\/wp\/v2\/media?parent=1741"}],"wp:term":[{"taxonomy":"category","embeddable":true,"href":"https:\/\/apefadal.es\/index.php\/wp-json\/wp\/v2\/categories?post=1741"},{"taxonomy":"post_tag","embeddable":true,"href":"https:\/\/apefadal.es\/index.php\/wp-json\/wp\/v2\/tags?post=1741"}],"curies":[{"name":"wp","href":"https:\/\/api.w.org\/{rel}","templated":true}]}}