{"id":1697,"date":"2021-02-10T11:56:10","date_gmt":"2021-02-10T11:56:10","guid":{"rendered":"https:\/\/apefadal.es\/?p=1697"},"modified":"2021-02-25T16:22:42","modified_gmt":"2021-02-25T16:22:42","slug":"4-imaginando-una-educacion-fisica-diferente","status":"publish","type":"post","link":"https:\/\/apefadal.es\/index.php\/2021\/02\/10\/4-imaginando-una-educacion-fisica-diferente\/","title":{"rendered":"4. IMAGINANDO UNA EDUCACI\u00d3N F\u00cdSICA DIFERENTE"},"content":{"rendered":"\n<h1 class=\"has-text-align-center wp-block-heading\"><strong>\u00ab<strong>IMAGINANDO UNA EDUCACI\u00d3N F\u00cdSICA DIFERENTE<\/strong>\u201d<\/strong><\/h1>\n\n\n\n<div class=\"wp-block-group has-very-dark-gray-color has-pale-cyan-blue-background-color has-text-color has-background\"><div class=\"wp-block-group__inner-container is-layout-flow wp-block-group-is-layout-flow\">\n<div class=\"wp-block-group\"><div class=\"wp-block-group__inner-container is-layout-flow wp-block-group-is-layout-flow\">\n<p class=\"has-text-align-center has-medium-font-size\"><strong>HORAS \/ CR\u00c9DITOS: <\/strong>20H \/ 2 CR\u00c9DITOS &#8211; 6 h. presenciales por videoconferencia (s\u00edncronas) y 14 h. online.<\/p>\n\n\n\n<p class=\"has-text-align-center has-medium-font-size\"><strong>MODALIDAD: <\/strong>EN L\u00cdNEA- SEMIPRESENCIAL &#8211; V\u00c1LIDO PARA SEXENIOS<\/p>\n\n\n\n<p class=\"has-text-align-center has-medium-font-size\"><strong>FECHA COMIENZO ACTIVIDAD:<\/strong>  9\/03\/2021 con sesi\u00f3n por videoconferencia de 17 a 20h<\/p>\n\n\n\n<p class=\"has-text-align-center has-medium-font-size\"><strong>FECHA FIN ACTIVIDAD:<\/strong> 25\/03\/2021 con sesi\u00f3n por videoconferencia de 17 a 20h<\/p>\n\n\n\n<p class=\"has-text-align-center has-medium-font-size\"><strong>LUGAR DE REALIZACI\u00d3N:<\/strong> GOOGLE CLASSROOM Y GOOGLE MEET<\/p>\n\n\n\n<p class=\"has-text-align-center has-medium-font-size\"><strong>PRECIO*:<\/strong> Asociad@s 25,04 \u20acuros, Nuevos soci@s* 35\u00b404 \u20acuros \u00a0y \u00a0no asociad@s 45\u00b404 \u20acuros<\/p>\n\n\n\n<p class=\"has-text-align-center\">Asociaci\u00f3n de Profesorado \u201cADAL\u201d C\u00f3digo cuenta\u00a0Bankia:\u00a0ES03\u00a02038 1179 4460 0054 4748<\/p>\n\n\n\n<p class=\"has-text-align-center\">*Las inscripciones realizadas despu\u00e9s del d\u00eda 2 de marzo tienen un recargo de 10\u20ac<\/p>\n<\/div><\/div>\n<\/div><\/div>\n\n\n\n<p class=\"has-text-align-center has-luminous-vivid-orange-color has-text-color has-background has-medium-font-size\" style=\"background-color:#14205c\"><a href=\"https:\/\/forms.gle\/csqNDWxSUwaTWRqK8\" target=\"_blank\" rel=\"noreferrer noopener\">FORMULARIO DE INSCRIPCI\u00d3N<\/a><\/p>\n\n\n\n<p class=\"has-text-align-center has-medium-font-size\"><strong>OBJETIVOS:<\/strong><\/p>\n\n\n\n<div class=\"wp-block-group has-very-dark-gray-color has-pale-cyan-blue-background-color has-text-color has-background\"><div class=\"wp-block-group__inner-container is-layout-flow wp-block-group-is-layout-flow\">\n<div class=\"wp-block-group\"><div class=\"wp-block-group__inner-container is-layout-flow wp-block-group-is-layout-flow\">\n<figure class=\"wp-block-table\"><table><tbody><tr><td>1.&nbsp;&nbsp;&nbsp;&nbsp;&nbsp;&nbsp; Conocer una manera diferente de enfocar las actividades del \u00e1rea de Educaci\u00f3n F\u00edsica a trav\u00e9s de experiencias creativas.<br>2.&nbsp;&nbsp;&nbsp;&nbsp;&nbsp;&nbsp; Generar diferentes proyectos, basados en los contenidos del \u00e1rea de Educaci\u00f3n F\u00edsica, para llevarlos al aula a trav\u00e9s de metodolog\u00edas activas.<br>3.&nbsp;&nbsp;&nbsp;&nbsp;&nbsp;&nbsp; Practicar diferentes actividades l\u00fadicas para lograr una mejora en la motivaci\u00f3n del alumnado en el \u00e1rea de Educaci\u00f3n F\u00edsica.<br>4.&nbsp;&nbsp;&nbsp;&nbsp;&nbsp;&nbsp; Descubrir diferentes recursos que se encuentran en nuestro d\u00eda a d\u00eda para generar experiencias con material reciclado y de uso dom\u00e9stico.<\/td><\/tr><\/tbody><\/table><\/figure>\n<\/div><\/div>\n<\/div><\/div>\n\n\n\n<p class=\"has-text-align-center has-medium-font-size\"><strong>CONTENIDOS:<\/strong><\/p>\n\n\n\n<div class=\"wp-block-group has-very-dark-gray-color has-pale-cyan-blue-background-color has-text-color has-background\"><div class=\"wp-block-group__inner-container is-layout-flow wp-block-group-is-layout-flow\">\n<figure class=\"wp-block-table\"><table><tbody><tr><td>1.&nbsp;&nbsp;&nbsp;&nbsp;&nbsp;&nbsp; H\u00e1bitos de vida saludable y Educaci\u00f3n F\u00edsica.<br>2.&nbsp;&nbsp;&nbsp;&nbsp;&nbsp;&nbsp; Aprovechamiento de los materiales auto-construidos y de uso dom\u00e9stico para la creaci\u00f3n de diferentes actividades deportivas alternativas.<br>3.&nbsp;&nbsp;&nbsp;&nbsp;&nbsp;&nbsp; Proyecto ECOCOEducativo del skatebottle.<br>4.&nbsp;&nbsp;&nbsp;&nbsp;&nbsp;&nbsp; Creaci\u00f3n de experiencias educativas d\u00e1ndole la vuelta a los contenidos para tratarlos desde otros puntos de vista.<br>5.&nbsp;&nbsp;&nbsp;&nbsp;&nbsp;&nbsp; Relaci\u00f3n del \u00e1rea de Educaci\u00f3n F\u00edsica con otras \u00e1reas para generar experiencias interdisciplinares y significativas.<\/td><\/tr><\/tbody><\/table><\/figure>\n<\/div><\/div>\n\n\n\n<p class=\"has-text-align-center has-medium-font-size\"><strong>METODOLOG\u00cdA:<\/strong><\/p>\n\n\n\n<div class=\"wp-block-group has-very-dark-gray-color has-pale-cyan-blue-background-color has-text-color has-background\"><div class=\"wp-block-group__inner-container is-layout-flow wp-block-group-is-layout-flow\">\n<figure class=\"wp-block-table\"><table><tbody><tr><td>Trabajemos los aspectos previos a la puesta en pr\u00e1ctica de las ideas como son dar respuesta al \u00bfqu\u00e9 queremos ense\u00f1ar? \u00bfC\u00f3mo lo queremos ense\u00f1ar? \u00bfCu\u00e1ndo lo queremos ense\u00f1ar? \u00bfA qui\u00e9n se lo queremos ense\u00f1ar? \u00bfCon qu\u00e9 recursos contamos para ense\u00f1arlo? Todo ello, de una manera divertida, que nos permitir\u00e1 conocer los caminos m\u00e1s f\u00e1ciles para llegar al alumnado, captar su inter\u00e9s y aumentar su motivaci\u00f3n, ofreci\u00e9ndole un amplio abanico de posibilidades para que cada alumno pueda escoger el camino que m\u00e1s c\u00f3modo le haga sentir dentro del proceso.<\/td><\/tr><\/tbody><\/table><\/figure>\n<\/div><\/div>\n\n\n\n<p class=\"has-text-align-center has-medium-font-size\"><strong>EVALUACI\u00d3N:<\/strong><\/p>\n\n\n\n<div class=\"wp-block-group has-very-dark-gray-color has-pale-cyan-blue-background-color has-text-color has-background\"><div class=\"wp-block-group__inner-container is-layout-flow wp-block-group-is-layout-flow\">\n<figure class=\"wp-block-table\"><table><tbody><tr><td>Entrega de todos los trabajos considerados obligatorios. Tareas organizadas por objetivos del curso<\/td><\/tr><\/tbody><\/table><\/figure>\n<\/div><\/div>\n\n\n\n<p class=\"has-text-align-center has-medium-font-size\"><strong>PONENTES:<\/strong><\/p>\n\n\n\n<div class=\"wp-block-group has-very-dark-gray-color has-pale-cyan-blue-background-color has-text-color has-background\"><div class=\"wp-block-group__inner-container is-layout-flow wp-block-group-is-layout-flow\">\n<figure class=\"wp-block-table\"><table><tbody><tr><td><strong>CARLOS&nbsp;CHAMORRO&nbsp;DUR\u00c1N.<\/strong><br>Maestro de Educaci\u00f3n Primaria, especialista en Educaci\u00f3n F\u00edsica, funcionario de carrera desde el a\u00f1o 2009. Amante de la asignatura, buscando innovar para concienciar de la importancia que tiene la actividad f\u00edsica y los h\u00e1bitos de vida saludable en el d\u00eda a d\u00eda buscando que el aprendizaje sea significativo y duradero, alej\u00e1ndome del contenido y ofreciendo experiencias educativas diferentes a las convencionales por medio de proyectos que se encuentran desarrollados en el libro \u00abRetos, proyectos, medio ambiente y nuevas tecnolog\u00edas\u00bb de la editorial INDE y en la p\u00e1gina web de&nbsp;<a rel=\"noreferrer noopener\" href=\"http:\/\/www.piefcitos.com\/\" target=\"_blank\">www.piefcitos.com<\/a><\/td><\/tr><\/tbody><\/table><\/figure>\n<\/div><\/div>\n\n\n\n<p class=\"has-text-align-center has-luminous-vivid-orange-color has-text-color has-background has-medium-font-size\" style=\"background-color:#14205c\"><a href=\"https:\/\/apefadal.es\/index.php\/normas-cursos\/\">CONSULTA NUESTRA NORMATIVA<\/a><\/p>\n\n\n\n<p class=\"has-text-align-center has-luminous-vivid-orange-color has-text-color has-background has-medium-font-size\" style=\"background-color:#14205c\"><a href=\"https:\/\/apefadal.es\/index.php\/certificados\/\">INFORMACI\u00d3N DE CERTIFICADOS<\/a><\/p>\n\n\n\n<p class=\"has-text-align-center has-luminous-vivid-orange-color has-text-color has-background has-medium-font-size\" style=\"background-color:#14205c\"><a href=\"https:\/\/forms.gle\/csqNDWxSUwaTWRqK8\" target=\"_blank\" rel=\"noreferrer noopener\">FORMULARIO DE INSCRIPCI\u00d3N<\/a><\/p>\n","protected":false},"excerpt":{"rendered":"<p>\u00abIMAGINANDO UNA EDUCACI\u00d3N F\u00cdSICA DIFERENTE\u201d HORAS \/ CR\u00c9DITOS: 20H \/ 2 CR\u00c9DITOS &#8211; 6 h. presenciales por videoconferencia (s\u00edncronas) y 14 h. online. MODALIDAD: EN L\u00cdNEA- SEMIPRESENCIAL &#8211; V\u00c1LIDO PARA SEXENIOS FECHA COMIENZO ACTIVIDAD: 9\/03\/2021 con sesi\u00f3n por videoconferencia de 17 a 20h FECHA FIN ACTIVIDAD: 25\/03\/2021 con sesi\u00f3n por videoconferencia de 17 a 20h&hellip;<\/p>\n","protected":false},"author":1,"featured_media":1699,"comment_status":"closed","ping_status":"closed","sticky":false,"template":"","format":"standard","meta":{"footnotes":""},"categories":[519],"tags":[39],"class_list":["post-1697","post","type-post","status-publish","format-standard","has-post-thumbnail","hentry","category-cursos-2021","tag-carlos-chamorro-duran"],"gutentor_comment":0,"_links":{"self":[{"href":"https:\/\/apefadal.es\/index.php\/wp-json\/wp\/v2\/posts\/1697","targetHints":{"allow":["GET"]}}],"collection":[{"href":"https:\/\/apefadal.es\/index.php\/wp-json\/wp\/v2\/posts"}],"about":[{"href":"https:\/\/apefadal.es\/index.php\/wp-json\/wp\/v2\/types\/post"}],"author":[{"embeddable":true,"href":"https:\/\/apefadal.es\/index.php\/wp-json\/wp\/v2\/users\/1"}],"replies":[{"embeddable":true,"href":"https:\/\/apefadal.es\/index.php\/wp-json\/wp\/v2\/comments?post=1697"}],"version-history":[{"count":2,"href":"https:\/\/apefadal.es\/index.php\/wp-json\/wp\/v2\/posts\/1697\/revisions"}],"predecessor-version":[{"id":1763,"href":"https:\/\/apefadal.es\/index.php\/wp-json\/wp\/v2\/posts\/1697\/revisions\/1763"}],"wp:featuredmedia":[{"embeddable":true,"href":"https:\/\/apefadal.es\/index.php\/wp-json\/wp\/v2\/media\/1699"}],"wp:attachment":[{"href":"https:\/\/apefadal.es\/index.php\/wp-json\/wp\/v2\/media?parent=1697"}],"wp:term":[{"taxonomy":"category","embeddable":true,"href":"https:\/\/apefadal.es\/index.php\/wp-json\/wp\/v2\/categories?post=1697"},{"taxonomy":"post_tag","embeddable":true,"href":"https:\/\/apefadal.es\/index.php\/wp-json\/wp\/v2\/tags?post=1697"}],"curies":[{"name":"wp","href":"https:\/\/api.w.org\/{rel}","templated":true}]}}