{"id":1689,"date":"2021-02-10T10:50:30","date_gmt":"2021-02-10T10:50:30","guid":{"rendered":"https:\/\/apefadal.es\/?p=1689"},"modified":"2021-03-08T10:50:32","modified_gmt":"2021-03-08T10:50:32","slug":"3-formacion-elemental-en-mecanica-de-la-bicicleta","status":"publish","type":"post","link":"https:\/\/apefadal.es\/index.php\/2021\/02\/10\/3-formacion-elemental-en-mecanica-de-la-bicicleta\/","title":{"rendered":"3. FORMACI\u00d3N ELEMENTAL EN MEC\u00c1NICA DE LA BICICLETA"},"content":{"rendered":"\n<h1 class=\"has-text-align-center wp-block-heading\"><strong>\u00ab<strong>FORMACI\u00d3N ELEMENTAL EN MEC\u00c1NICA DE LA BICICLETA<\/strong>\u201d<\/strong><\/h1>\n\n\n\n<div class=\"wp-block-group has-very-dark-gray-color has-pale-cyan-blue-background-color has-text-color has-background\"><div class=\"wp-block-group__inner-container is-layout-flow wp-block-group-is-layout-flow\">\n<div class=\"wp-block-group\"><div class=\"wp-block-group__inner-container is-layout-flow wp-block-group-is-layout-flow\">\n<p class=\"has-text-align-center has-medium-font-size\"><strong>HORAS \/ CR\u00c9DITOS: <\/strong>10H \/ 1 CR\u00c9DITOS<\/p>\n\n\n\n<p class=\"has-text-align-center has-medium-font-size\"><strong>MODALIDAD: <\/strong>PRESENCIAL &#8211; V\u00c1LIDO PARA SEXENIOS<\/p>\n\n\n\n<p class=\"has-text-align-center has-medium-font-size\"><strong>FECHA COMIENZO ACTIVIDAD:<\/strong>  10\/04\/2021<\/p>\n\n\n\n<p class=\"has-text-align-center has-medium-font-size\"><strong>FECHA FIN ACTIVIDAD:<\/strong> 15\/05\/2021<\/p>\n\n\n\n<p class=\"has-text-align-center has-medium-font-size\"><strong>FECHAS POR BLOQUES (Escoger fecha para el bloque 1 y fecha posterior para el bloque 2):<\/strong> <\/p>\n\n\n\n<p class=\"has-text-align-center has-medium-font-size\"><strong>BLOQUE 1:<\/strong> 6\/03\/2021; 10\/04\/2021; 8\/05\/2021<\/p>\n\n\n\n<p class=\"has-text-align-center has-medium-font-size\"><strong>BLOQUE 2:<\/strong> 13\/03\/2021; 17\/04\/2021; 15\/05\/2021<\/p>\n\n\n\n<p class=\"has-text-align-center has-medium-font-size\"><strong>LUGAR DE REALIZACI\u00d3N:<\/strong> Aula-Taller situada en la Calle Garc\u00eda de Paredes n\u00ba 74, Madrid<\/p>\n\n\n\n<p class=\"has-text-align-center has-medium-font-size\"><strong>PRECIO:<\/strong> Asociad@s 90,03 \u20acuros, Nuev@s soci@s* 100\u00b403 \u20acuros &nbsp;y &nbsp;no asociad@s 110\u00b403 \u20acuros.&nbsp;<\/p>\n\n\n\n<p class=\"has-text-align-center\">Asociaci\u00f3n de Profesorado \u201cADAL\u201d C\u00f3digo cuenta&nbsp;Bankia:&nbsp;ES03&nbsp;2038 1179 4460 0054 4748<\/p>\n<\/div><\/div>\n<\/div><\/div>\n\n\n\n<p class=\"has-text-align-center has-luminous-vivid-orange-color has-text-color has-background has-medium-font-size\" style=\"background-color:#14205c\"><a href=\"https:\/\/forms.gle\/FGkgKp8YQamjS7Hv8\" target=\"_blank\" rel=\"noreferrer noopener\">FORMULARIO DE INSCRIPCI\u00d3N<\/a><\/p>\n\n\n\n<p class=\"has-text-align-center has-medium-font-size\"><strong>OBJETIVOS:<\/strong><\/p>\n\n\n\n<div class=\"wp-block-group has-very-dark-gray-color has-pale-cyan-blue-background-color has-text-color has-background\"><div class=\"wp-block-group__inner-container is-layout-flow wp-block-group-is-layout-flow\">\n<div class=\"wp-block-group\"><div class=\"wp-block-group__inner-container is-layout-flow wp-block-group-is-layout-flow\">\n<figure class=\"wp-block-table\"><table><tbody><tr><td>1.&nbsp;&nbsp; Conocer el funcionamiento b\u00e1sico de una bicicleta.<br>2.&nbsp;&nbsp; Saber realizar a la bicicleta los mantenimientos b\u00e1sicos y avanzados.<br>3.&nbsp;&nbsp; Saber reparar las principales aver\u00edas en ruta<br>4.&nbsp;&nbsp; Identificar las principales herramientas necesarias para el mantenimiento y reparaci\u00f3n de una bicicleta<br>5.&nbsp;&nbsp; Saber aplicar a cada contexto educativo lo aprendido en el curso&nbsp;   <\/td><\/tr><\/tbody><\/table><\/figure>\n<\/div><\/div>\n<\/div><\/div>\n\n\n\n<p class=\"has-text-align-center has-medium-font-size\"><strong>CONTENIDOS:<\/strong><\/p>\n\n\n\n<div class=\"wp-block-group has-very-dark-gray-color has-pale-cyan-blue-background-color has-text-color has-background\"><div class=\"wp-block-group__inner-container is-layout-flow wp-block-group-is-layout-flow\">\n<figure class=\"wp-block-table\"><table><tbody><tr><td>Se deber\u00e1 realizar primero el bloque 1 de contenidos y despu\u00e9s el bloque 2.<br>Bloque 1 (iniciaci\u00f3n):<br>Ruedas: reparaci\u00f3n de aver\u00edas como pinchazos, cambio de c\u00e1mara, cubierta, fondo de llanta, etc<br>Limpieza y ajuste de la transmisi\u00f3n. Reparaci\u00f3n y sustituci\u00f3n de cadena, pi\u00f1ones y platos.<br>Ajuste de cambios: sustituci\u00f3n de cables y fundas, ajuste y reparaci\u00f3n. Tanto en cambio como en desviador.<br>Frenos mec\u00e1nicos: sustituci\u00f3n de cables y camisas, ajuste, cambio de zapatas.<br>Frenos hidr\u00e1ulicos: Ajuste de pinza de freno y sustituci\u00f3n de pastillas.<br>Iniciaci\u00f3n a la biomec\u00e1nica aplicada al ciclismo. <br><br>Bloque 2 (avanzado):<br>Ejes de ruedas: limpieza y engrase de rodamientos sellados y de bolas<br>Ejes de pedalier: limpieza y engrase de los diferentes tipos de ejes de pedalier<br>Direcci\u00f3n: limpieza y engrase de los diferentes tipos de direcci\u00f3n<br>Centrado de ruedas avanzado<br>Sustituci\u00f3n de radios<br><\/td><\/tr><\/tbody><\/table><\/figure>\n<\/div><\/div>\n\n\n\n<p class=\"has-text-align-center has-medium-font-size\"><strong>METODOLOG\u00cdA:<\/strong><\/p>\n\n\n\n<div class=\"wp-block-group has-very-dark-gray-color has-pale-cyan-blue-background-color has-text-color has-background\"><div class=\"wp-block-group__inner-container is-layout-flow wp-block-group-is-layout-flow\">\n<figure class=\"wp-block-table\"><table><tbody><tr><td>El desarrollo de este curso se basa en una metodolog\u00eda participativa. El contenido del mismo se expondr\u00e1 de forma te\u00f3rica para que, posteriormente, el alumnado ponga en pr\u00e1ctica lo expuesto, enfrent\u00e1ndose a situaciones reales que solucionar.<br>Por la situaci\u00f3n en la que nos encontramos las plazas son limitadas. Se dar\u00e1 prioridad por orden de recepci\u00f3n de transferencias. Los grupos son de 4-5 personas.<\/td><\/tr><\/tbody><\/table><\/figure>\n<\/div><\/div>\n\n\n\n<p class=\"has-text-align-center has-medium-font-size\"><strong>EVALUACI\u00d3N:<\/strong><\/p>\n\n\n\n<div class=\"wp-block-group has-very-dark-gray-color has-pale-cyan-blue-background-color has-text-color has-background\"><div class=\"wp-block-group__inner-container is-layout-flow wp-block-group-is-layout-flow\">\n<figure class=\"wp-block-table\"><table><tbody><tr><td>a)&nbsp;&nbsp;&nbsp;&nbsp;&nbsp;&nbsp; Entrega de todos los trabajos considerados obligatorios y el aprovechamiento valorado por el \u00f3rgano responsable en la formaci\u00f3n del profesorado.<br>b)&nbsp;&nbsp;&nbsp;&nbsp;&nbsp;&nbsp; Asistencia, al menos, al 85 por 100 del total de horas de la fase presencial de la actividad y siempre que las horas de inasistencia est\u00e9n debidamente justificadas.<br><br>La certificaci\u00f3n se expedir\u00e1 al finalizar la \u00faltima sesi\u00f3n del curso 15\/05\/2021 independientemente de la fecha de finalizaci\u00f3n del bloque 2.<\/td><\/tr><\/tbody><\/table><\/figure>\n<\/div><\/div>\n\n\n\n<p class=\"has-text-align-center has-medium-font-size\"><strong>PONENTES:<\/strong><\/p>\n\n\n\n<div class=\"wp-block-group has-very-dark-gray-color has-pale-cyan-blue-background-color has-text-color has-background\"><div class=\"wp-block-group__inner-container is-layout-flow wp-block-group-is-layout-flow\">\n<figure class=\"wp-block-table\"><table><tbody><tr><td><strong>\u00c1lvarez Sarri\u00f3n, V\u00edctor<\/strong><br>Licenciado en CC de la Actividad F\u00edsica y el deporte, Master en formaci\u00f3n de profesorado de Secundaria y especialista en evaluaci\u00f3n formativa. Mec\u00e1nico profesional de bicicletas, profesor y director de la Escuela de Mec\u00e1nica de la Bicicleta-Trece Catorce.<\/td><\/tr><\/tbody><\/table><\/figure>\n<\/div><\/div>\n\n\n\n<p class=\"has-text-align-center has-luminous-vivid-orange-color has-text-color has-background has-medium-font-size\" style=\"background-color:#14205c\"><a href=\"https:\/\/apefadal.es\/index.php\/normas-cursos\/\">CONSULTA NUESTRA NORMATIVA<\/a><\/p>\n\n\n\n<p class=\"has-text-align-center has-luminous-vivid-orange-color has-text-color has-background has-medium-font-size\" style=\"background-color:#14205c\"><a href=\"https:\/\/apefadal.es\/index.php\/certificados\/\">INFORMACI\u00d3N DE CERTIFICADOS<\/a><\/p>\n\n\n\n<p class=\"has-text-align-center has-luminous-vivid-orange-color has-text-color has-background has-medium-font-size\" style=\"background-color:#14205c\"><a href=\"https:\/\/forms.gle\/FGkgKp8YQamjS7Hv8\" target=\"_blank\" rel=\"noreferrer noopener\">FORMULARIO DE INSCRIPCI\u00d3N<\/a><\/p>\n","protected":false},"excerpt":{"rendered":"<p>\u00abFORMACI\u00d3N ELEMENTAL EN MEC\u00c1NICA DE LA BICICLETA\u201d HORAS \/ CR\u00c9DITOS: 10H \/ 1 CR\u00c9DITOS MODALIDAD: PRESENCIAL &#8211; V\u00c1LIDO PARA SEXENIOS FECHA COMIENZO ACTIVIDAD: 10\/04\/2021 FECHA FIN ACTIVIDAD: 15\/05\/2021 FECHAS POR BLOQUES (Escoger fecha para el bloque 1 y fecha posterior para el bloque 2): BLOQUE 1: 6\/03\/2021; 10\/04\/2021; 8\/05\/2021 BLOQUE 2: 13\/03\/2021; 17\/04\/2021; 15\/05\/2021 LUGAR&hellip;<\/p>\n","protected":false},"author":1,"featured_media":1690,"comment_status":"closed","ping_status":"closed","sticky":false,"template":"","format":"standard","meta":{"footnotes":""},"categories":[519],"tags":[],"class_list":["post-1689","post","type-post","status-publish","format-standard","has-post-thumbnail","hentry","category-cursos-2021"],"gutentor_comment":0,"_links":{"self":[{"href":"https:\/\/apefadal.es\/index.php\/wp-json\/wp\/v2\/posts\/1689","targetHints":{"allow":["GET"]}}],"collection":[{"href":"https:\/\/apefadal.es\/index.php\/wp-json\/wp\/v2\/posts"}],"about":[{"href":"https:\/\/apefadal.es\/index.php\/wp-json\/wp\/v2\/types\/post"}],"author":[{"embeddable":true,"href":"https:\/\/apefadal.es\/index.php\/wp-json\/wp\/v2\/users\/1"}],"replies":[{"embeddable":true,"href":"https:\/\/apefadal.es\/index.php\/wp-json\/wp\/v2\/comments?post=1689"}],"version-history":[{"count":3,"href":"https:\/\/apefadal.es\/index.php\/wp-json\/wp\/v2\/posts\/1689\/revisions"}],"predecessor-version":[{"id":1829,"href":"https:\/\/apefadal.es\/index.php\/wp-json\/wp\/v2\/posts\/1689\/revisions\/1829"}],"wp:featuredmedia":[{"embeddable":true,"href":"https:\/\/apefadal.es\/index.php\/wp-json\/wp\/v2\/media\/1690"}],"wp:attachment":[{"href":"https:\/\/apefadal.es\/index.php\/wp-json\/wp\/v2\/media?parent=1689"}],"wp:term":[{"taxonomy":"category","embeddable":true,"href":"https:\/\/apefadal.es\/index.php\/wp-json\/wp\/v2\/categories?post=1689"},{"taxonomy":"post_tag","embeddable":true,"href":"https:\/\/apefadal.es\/index.php\/wp-json\/wp\/v2\/tags?post=1689"}],"curies":[{"name":"wp","href":"https:\/\/api.w.org\/{rel}","templated":true}]}}