{"id":1677,"date":"2021-02-09T12:06:21","date_gmt":"2021-02-09T12:06:21","guid":{"rendered":"https:\/\/apefadal.es\/?p=1677"},"modified":"2021-02-24T09:20:24","modified_gmt":"2021-02-24T09:20:24","slug":"2-el-molkky-y-el-molkkout-como-recurso-didactico","status":"publish","type":"post","link":"https:\/\/apefadal.es\/index.php\/2021\/02\/09\/2-el-molkky-y-el-molkkout-como-recurso-didactico\/","title":{"rendered":"2. EL M\u00d6LKKY Y EL M\u00d6LKKOUT COMO RECURSO DID\u00c1CTICO"},"content":{"rendered":"\n<h1 class=\"has-text-align-center wp-block-heading\">\u00ab<strong><strong>EL M\u00d6LKKY Y EL M\u00d6LKKOUT COMO RECURSO DID\u00c1CTICO<\/strong><\/strong>\u00ab<\/h1>\n\n\n\n<div class=\"wp-block-group has-very-dark-gray-color has-pale-cyan-blue-background-color has-text-color has-background\"><div class=\"wp-block-group__inner-container is-layout-flow wp-block-group-is-layout-flow\">\n<div class=\"wp-block-group\"><div class=\"wp-block-group__inner-container is-layout-flow wp-block-group-is-layout-flow\">\n<p class=\"has-text-align-center has-medium-font-size\"><strong>HORAS \/ CR\u00c9DITOS: <\/strong>10H \/ 1 CR\u00c9DITO &#8211; 2 h. presenciales por videoconferencia (s\u00edncronas) y 8 h. online (as\u00edncronas)<\/p>\n\n\n\n<p class=\"has-text-align-center has-medium-font-size\"><strong>MODALIDAD: <\/strong>EN L\u00cdNEA- SEMIPRESENCIAL (con una sesi\u00f3n de 2 horas por v\u00eddeo-conferencia) V\u00c1LIDO PARA SEXENIOS<\/p>\n\n\n\n<p class=\"has-text-align-center has-medium-font-size\"><strong>FECHA COMIENZO ACTIVIDAD:<\/strong>  02\/03\/2020 de 18h a 20h Sesi\u00f3n presencial obligatoria por videoconferencia<\/p>\n\n\n\n<p class=\"has-text-align-center has-medium-font-size\"><strong>FECHA FIN ACTIVIDAD:<\/strong> 08\/03\/2020<\/p>\n\n\n\n<p class=\"has-text-align-center has-medium-font-size\"><strong>LUGAR DE REALIZACI\u00d3N:<\/strong> GOOGLE CLASSROOM Y GOOGLE MEET (para la sesi\u00f3n presencial)<\/p>\n\n\n\n<p class=\"has-text-align-center has-medium-font-size\"><strong>PRECIO:<\/strong> Asociad@s 20,02 \u20acuros, Nuevos soci@s* 30\u00b402 \u20acuros &nbsp;y &nbsp;no asociad@s 40\u00b402 \u20acuros.&nbsp;<\/p>\n\n\n\n<p class=\"has-text-align-center\">Asociaci\u00f3n de Profesorado \u201cADAL\u201d C\u00f3digo cuenta&nbsp;Bankia:&nbsp;ES03&nbsp;2038 1179 4460 0054 4748<\/p>\n<\/div><\/div>\n<\/div><\/div>\n\n\n\n<p class=\"has-text-align-center has-luminous-vivid-orange-color has-text-color has-background has-medium-font-size\" style=\"background-color:#14205c\"><a href=\"https:\/\/forms.gle\/6rTzvRcLoXCu6maQ8\" target=\"_blank\" rel=\"noreferrer noopener\">FORMULARIO DE INSCRIPCI\u00d3N<\/a><\/p>\n\n\n\n<p class=\"has-text-align-center has-medium-font-size\"><strong>OBJETIVOS:<\/strong><\/p>\n\n\n\n<div class=\"wp-block-group has-very-dark-gray-color has-pale-cyan-blue-background-color has-text-color has-background\"><div class=\"wp-block-group__inner-container is-layout-flow wp-block-group-is-layout-flow\">\n<div class=\"wp-block-group\"><div class=\"wp-block-group__inner-container is-layout-flow wp-block-group-is-layout-flow\">\n<figure class=\"wp-block-table\"><table><tbody><tr><td>1.&nbsp;&nbsp;&nbsp;&nbsp;&nbsp;&nbsp; Vivenciar una metodolog\u00eda activa en la transmisi\u00f3n de contenidos t\u00e9cnicos y t\u00e1cticos.<br>2.&nbsp;&nbsp;&nbsp;&nbsp;&nbsp;&nbsp; Contribuir a desarrollar la creatividad e imaginaci\u00f3n mediante la manipulaci\u00f3n de diversos objetos y su lanzamiento de precisi\u00f3n.<br>3.&nbsp;&nbsp;&nbsp;&nbsp;&nbsp;&nbsp; Conocer nuevos instrumentos para desarrollar las competencias clave sociales y c\u00edvicas en educaci\u00f3n f\u00edsica.<br>Aplicar el concepto de des-deportivaci\u00f3n con fines inclusivos.<\/td><\/tr><\/tbody><\/table><\/figure>\n<\/div><\/div>\n<\/div><\/div>\n\n\n\n<p class=\"has-text-align-center has-medium-font-size\"><strong>CONTENIDOS:<\/strong><\/p>\n\n\n\n<div class=\"wp-block-group has-very-dark-gray-color has-pale-cyan-blue-background-color has-text-color has-background\"><div class=\"wp-block-group__inner-container is-layout-flow wp-block-group-is-layout-flow\">\n<figure class=\"wp-block-table\"><table><tbody><tr><td>1.\u00a0\u00a0\u00a0\u00a0\u00a0\u00a0 Fabricaci\u00f3n de material espec\u00edfico mediante materiales de desecho y\/o materiales baratos.<br>2.\u00a0\u00a0\u00a0\u00a0\u00a0\u00a0 Desarrollo y adaptaci\u00f3n de las habilidades motrices espec\u00edficas de esta modalidad.<br>3.\u00a0\u00a0\u00a0\u00a0\u00a0\u00a0 Iniciaci\u00f3n a las t\u00e1cticas defensivas y ofensivas. Recursos para desarrollar la creatividad y el di\u00e1logo entre el alumnado.<br>4.\u00a0\u00a0\u00a0\u00a0\u00a0\u00a0 Conocimiento de los reglamentos del M\u00f6lkky y el M\u00f6lkkout.<br>5.\u00a0\u00a0\u00a0\u00a0\u00a0\u00a0 Resoluci\u00f3n de problemas de la l\u00f3gica interna de los juegos. Elaboraci\u00f3n de variantes.  \u00a0   <\/td><\/tr><\/tbody><\/table><\/figure>\n<\/div><\/div>\n\n\n\n<p class=\"has-text-align-center has-medium-font-size\"><strong>METODOLOG\u00cdA:<\/strong><\/p>\n\n\n\n<div class=\"wp-block-group has-very-dark-gray-color has-pale-cyan-blue-background-color has-text-color has-background\"><div class=\"wp-block-group__inner-container is-layout-flow wp-block-group-is-layout-flow\">\n<figure class=\"wp-block-table\"><table><tbody><tr><td>Tras la sesi\u00f3n principal por videoconferencia que da comienzo al curso. La actividad se desarrollar\u00e1 de forma as\u00edncrona mediante video tutoriales.<br>Activa, los distintos contenidos se presentar\u00e1n en v\u00eddeo tutoriales o presentaciones, explicando paso a paso c\u00f3mo manejar cada herramienta digital. Tambi\u00e9n se adjuntar\u00e1n diversos enlaces para ampliar la informaci\u00f3n<br>Participativa, se dispondr\u00e1 un foro de dudas y ayuda entre participantes organizado por contenidos, de tal forma que se puedan compartir las dificultades t\u00e9cnicas, trucos y consejos propios de la experiencia docente.&nbsp;   <\/td><\/tr><\/tbody><\/table><\/figure>\n<\/div><\/div>\n\n\n\n<p class=\"has-text-align-center has-medium-font-size\"><strong>EVALUACI\u00d3N:<\/strong><\/p>\n\n\n\n<div class=\"wp-block-group has-very-dark-gray-color has-pale-cyan-blue-background-color has-text-color has-background\"><div class=\"wp-block-group__inner-container is-layout-flow wp-block-group-is-layout-flow\">\n<figure class=\"wp-block-table\"><table><tbody><tr><td>Entrega de todos los trabajos considerados obligatorios. Tareas organizadas por objetivos del curso.<\/td><\/tr><\/tbody><\/table><\/figure>\n<\/div><\/div>\n\n\n\n<p class=\"has-text-align-center has-medium-font-size\"><strong>PONENTES:<\/strong><\/p>\n\n\n\n<div class=\"wp-block-group has-very-dark-gray-color has-pale-cyan-blue-background-color has-text-color has-background\"><div class=\"wp-block-group__inner-container is-layout-flow wp-block-group-is-layout-flow\">\n<figure class=\"wp-block-table\"><table><tbody><tr><td><strong>Mart\u00ednez Colmenarejo, Daniel<\/strong><br><br> Licenciado en Ciencias de la Actividad F\u00edsica y el Deporte, COLEGIADO: 58794. Especialista en innovaci\u00f3n educativa: Selecci\u00f3n y tratamiento de nuevos contenidos en Educaci\u00f3n F\u00edsica. Vicepresidente y responsable de difusi\u00f3n educativa de la Asociaci\u00f3n Espa\u00f1ola de M\u00f6lkky.<\/td><\/tr><\/tbody><\/table><\/figure>\n<\/div><\/div>\n\n\n\n<p class=\"has-text-align-center has-luminous-vivid-orange-color has-text-color has-background has-medium-font-size\" style=\"background-color:#14205c\"><a href=\"https:\/\/apefadal.es\/index.php\/normas-cursos\/\">CONSULTA NUESTRA NORMATIVA<\/a><\/p>\n\n\n\n<p class=\"has-text-align-center has-luminous-vivid-orange-color has-text-color has-background has-medium-font-size\" style=\"background-color:#14205c\"><a href=\"https:\/\/apefadal.es\/index.php\/certificados\/\">INFORMACI\u00d3N DE CERTIFICADOS<\/a><\/p>\n\n\n\n<p class=\"has-text-align-center has-luminous-vivid-orange-color has-text-color has-background has-medium-font-size\" style=\"background-color:#14205c\"><a href=\"https:\/\/forms.gle\/6rTzvRcLoXCu6maQ8\" target=\"_blank\" rel=\"noreferrer noopener\">FORMULARIO DE INSCRIPCI\u00d3N<\/a><\/p>\n","protected":false},"excerpt":{"rendered":"<p>\u00abEL M\u00d6LKKY Y EL M\u00d6LKKOUT COMO RECURSO DID\u00c1CTICO\u00ab HORAS \/ CR\u00c9DITOS: 10H \/ 1 CR\u00c9DITO &#8211; 2 h. presenciales por videoconferencia (s\u00edncronas) y 8 h. online (as\u00edncronas) MODALIDAD: EN L\u00cdNEA- SEMIPRESENCIAL (con una sesi\u00f3n de 2 horas por v\u00eddeo-conferencia) V\u00c1LIDO PARA SEXENIOS FECHA COMIENZO ACTIVIDAD: 02\/03\/2020 de 18h a 20h Sesi\u00f3n presencial obligatoria por videoconferencia&hellip;<\/p>\n","protected":false},"author":1,"featured_media":1678,"comment_status":"closed","ping_status":"closed","sticky":false,"template":"","format":"standard","meta":{"footnotes":""},"categories":[519],"tags":[520,454],"class_list":["post-1677","post","type-post","status-publish","format-standard","has-post-thumbnail","hentry","category-cursos-2021","tag-cursos-2020-2021","tag-molkky-2"],"gutentor_comment":0,"_links":{"self":[{"href":"https:\/\/apefadal.es\/index.php\/wp-json\/wp\/v2\/posts\/1677","targetHints":{"allow":["GET"]}}],"collection":[{"href":"https:\/\/apefadal.es\/index.php\/wp-json\/wp\/v2\/posts"}],"about":[{"href":"https:\/\/apefadal.es\/index.php\/wp-json\/wp\/v2\/types\/post"}],"author":[{"embeddable":true,"href":"https:\/\/apefadal.es\/index.php\/wp-json\/wp\/v2\/users\/1"}],"replies":[{"embeddable":true,"href":"https:\/\/apefadal.es\/index.php\/wp-json\/wp\/v2\/comments?post=1677"}],"version-history":[{"count":5,"href":"https:\/\/apefadal.es\/index.php\/wp-json\/wp\/v2\/posts\/1677\/revisions"}],"predecessor-version":[{"id":1750,"href":"https:\/\/apefadal.es\/index.php\/wp-json\/wp\/v2\/posts\/1677\/revisions\/1750"}],"wp:featuredmedia":[{"embeddable":true,"href":"https:\/\/apefadal.es\/index.php\/wp-json\/wp\/v2\/media\/1678"}],"wp:attachment":[{"href":"https:\/\/apefadal.es\/index.php\/wp-json\/wp\/v2\/media?parent=1677"}],"wp:term":[{"taxonomy":"category","embeddable":true,"href":"https:\/\/apefadal.es\/index.php\/wp-json\/wp\/v2\/categories?post=1677"},{"taxonomy":"post_tag","embeddable":true,"href":"https:\/\/apefadal.es\/index.php\/wp-json\/wp\/v2\/tags?post=1677"}],"curies":[{"name":"wp","href":"https:\/\/api.w.org\/{rel}","templated":true}]}}