{"id":1292,"date":"2020-09-10T09:01:27","date_gmt":"2020-09-10T09:01:27","guid":{"rendered":"https:\/\/apefadal.es\/?p=1292"},"modified":"2020-09-15T10:54:05","modified_gmt":"2020-09-15T10:54:05","slug":"1o-econgreso-mundial-de-juegos-y-deportes-alternativos","status":"publish","type":"post","link":"https:\/\/apefadal.es\/index.php\/2020\/09\/10\/1o-econgreso-mundial-de-juegos-y-deportes-alternativos\/","title":{"rendered":"1\u00ba e-Congreso Mundial de Juegos y Deportes Alternativos"},"content":{"rendered":"\n<h2 class=\"wp-block-heading\">Del 14 de septiembre al 9 de octubre<\/h2>\n\n\n\n<figure class=\"wp-block-embed-youtube wp-block-embed is-type-video is-provider-youtube wp-embed-aspect-16-9 wp-has-aspect-ratio\"><div class=\"wp-block-embed__wrapper\">\n<iframe loading=\"lazy\" title=\"eCongreso Mundial de Juegos y Deportes Alternativos\" width=\"640\" height=\"360\" src=\"https:\/\/www.youtube.com\/embed\/YpU5VEHNFbY?feature=oembed\" frameborder=\"0\" allow=\"accelerometer; autoplay; clipboard-write; encrypted-media; gyroscope; picture-in-picture; web-share\" referrerpolicy=\"strict-origin-when-cross-origin\" allowfullscreen><\/iframe>\n<\/div><\/figure>\n\n\n\n<p>En este \u00abPrimer Congreso Mundial de Juegos y Deportes Alternativos\u00bb Virtual. Participar\u00e1n 108 ponentes de 21 pa\u00edses (de los 5 continentes) con 108 propuestas (84 talleres + 24 conferencias), 100 horas de capacitaci\u00f3n v\u00eda Zoom. 12 jornadas a partir del 14 de septiembre de 2020. <\/p>\n\n\n\n<p>En la <a rel=\"noreferrer noopener\" href=\"https:\/\/www.youtube.com\/redirect?event=video_description&amp;q=http%3A%2F%2Fdeportesalternativos.com%2Fecongreso&amp;redir_token=QUFFLUhqbVN6MDhQYTMxOWJtdGZCMW1ia2tLa3NtMXdYd3xBQ3Jtc0ttNHU0Nmh1YXZPU2U0VHlGMTFyYncwUHJGQ0FPbnJrZmllOU1IX1BnMGFZRy0yR0lucnZkX3BlNzhYakVOZENjY2tQcHFDRWlialkzOS0zVG8wQW1OZjgzbG5ld1BKcjVDX1c4WHVuSWVaV0lJMEI5MA%3D%3D&amp;v=PP5f8iMkWm8\" target=\"_blank\">web<\/a> pod\u00e9is<a rel=\"noreferrer noopener\" href=\"https:\/\/deportesalternativos.com\/econgreso\/inscripcion-registration\/\" target=\"_blank\"> inscribiros <\/a>y consultar el <a rel=\"noreferrer noopener\" href=\"https:\/\/deportesalternativos.com\/econgreso\/prog\/\" target=\"_blank\">programa<\/a>. El coste del congreso virtual es de 15USD, alrededor de los 12,5\u20ac. <\/p>\n\n\n\n<p>Esta iniciativa procede de, nuestro amigo y colega argentino, Ricardo Acu\u00f1a (@Ricardo Codasport) al frente de Codasports Argentina y Codasports. La  Asociaci\u00f3n de Profesorado de Educaci\u00f3n F\u00edsica ADAL, est\u00e1 colaborando para que sea una realidad este gran proyecto internacional y ser\u00e1 FAEDA &#8211; Federaci\u00f3n de Asociaciones Espa\u00f1olas de Deportes Alternativos-quien represente a Espa\u00f1a en la creaci\u00f3n de la \u00abOrganizaci\u00f3n Internacional de Deportes Alternativos\u00bb que se constituir\u00e1 en este Congreso.<\/p>\n\n\n\n<p> \u00a1\u00c1nimo esperamos vuestra inscripci\u00f3n!<\/p>\n","protected":false},"excerpt":{"rendered":"<p>Del 14 de septiembre al 9 de octubre En este \u00abPrimer Congreso Mundial de Juegos y Deportes Alternativos\u00bb Virtual. Participar\u00e1n 108 ponentes de 21 pa\u00edses (de los 5 continentes) con 108 propuestas (84 talleres + 24 conferencias), 100 horas de capacitaci\u00f3n v\u00eda Zoom. 12 jornadas a partir del 14 de septiembre de 2020. En la&hellip;<\/p>\n","protected":false},"author":1,"featured_media":1293,"comment_status":"closed","ping_status":"closed","sticky":false,"template":"","format":"standard","meta":{"footnotes":""},"categories":[5],"tags":[487],"class_list":["post-1292","post","type-post","status-publish","format-standard","has-post-thumbnail","hentry","category-comunicados","tag-juegos-y-deportes-alternativos"],"gutentor_comment":0,"_links":{"self":[{"href":"https:\/\/apefadal.es\/index.php\/wp-json\/wp\/v2\/posts\/1292","targetHints":{"allow":["GET"]}}],"collection":[{"href":"https:\/\/apefadal.es\/index.php\/wp-json\/wp\/v2\/posts"}],"about":[{"href":"https:\/\/apefadal.es\/index.php\/wp-json\/wp\/v2\/types\/post"}],"author":[{"embeddable":true,"href":"https:\/\/apefadal.es\/index.php\/wp-json\/wp\/v2\/users\/1"}],"replies":[{"embeddable":true,"href":"https:\/\/apefadal.es\/index.php\/wp-json\/wp\/v2\/comments?post=1292"}],"version-history":[{"count":3,"href":"https:\/\/apefadal.es\/index.php\/wp-json\/wp\/v2\/posts\/1292\/revisions"}],"predecessor-version":[{"id":1354,"href":"https:\/\/apefadal.es\/index.php\/wp-json\/wp\/v2\/posts\/1292\/revisions\/1354"}],"wp:featuredmedia":[{"embeddable":true,"href":"https:\/\/apefadal.es\/index.php\/wp-json\/wp\/v2\/media\/1293"}],"wp:attachment":[{"href":"https:\/\/apefadal.es\/index.php\/wp-json\/wp\/v2\/media?parent=1292"}],"wp:term":[{"taxonomy":"category","embeddable":true,"href":"https:\/\/apefadal.es\/index.php\/wp-json\/wp\/v2\/categories?post=1292"},{"taxonomy":"post_tag","embeddable":true,"href":"https:\/\/apefadal.es\/index.php\/wp-json\/wp\/v2\/tags?post=1292"}],"curies":[{"name":"wp","href":"https:\/\/api.w.org\/{rel}","templated":true}]}}