{"id":1129,"date":"2020-05-25T09:00:52","date_gmt":"2020-05-25T09:00:52","guid":{"rendered":"https:\/\/apefadal.es\/?p=1129"},"modified":"2020-05-25T10:27:16","modified_gmt":"2020-05-25T10:27:16","slug":"video-tutoriales-de-idoceo","status":"publish","type":"post","link":"https:\/\/apefadal.es\/index.php\/2020\/05\/25\/video-tutoriales-de-idoceo\/","title":{"rendered":"Video-Tutoriales de iDoceo"},"content":{"rendered":"\n<h2 class=\"wp-block-heading\"><strong>\u201cCONFIGURACI\u00d3N Y MANEJO B\u00c1SICO DEL CUADERNO DE PROFESOR DIGITAL IDOCEO\u201d<\/strong><\/h2>\n\n\n\n<p>El ponente del curso,<strong> Noel<\/strong> <strong>Garc\u00eda Gonz\u00e1lez<\/strong>, quiere compartir con toda la comunidad educativa la lista de reproducci\u00f3n de los tutoriales desarrollados en este curso de ADAL. Esperamos que sean de vuestro inter\u00e9s.<\/p>\n\n\n\n<p>\u00bfQui\u00e9n es Noel?<\/p>\n\n\n\n<p>Noel es Maestro de Educaci\u00f3n F\u00edsica, Posgrado en Direcci\u00f3n de Centros Educativos, Experto Universitario en Entrenamiento Deportivo, Miembro del Consejo Editorial del European Journal of Physical Education and Sport Science, Jefe de Estudios de Primaria y Coordinador del Departamento de Educaci\u00f3n F\u00edsica del Colegio \u00c1baco (Madrid).<\/p>\n\n\n\n<p>Profesor en formaciones anteriores de ADAL: La Pizarra Digital Interactiva en Educaci\u00f3n F\u00edsica, Recursos inform\u00e1ticos para la integraci\u00f3n de las TIC&#8217;s y la comprensi\u00f3n lectora en Educaci\u00f3n F\u00edsica, Incorporaci\u00f3n de dispositivos m\u00f3viles (tablets, smartphones, mp4, etc) a las clases de Educaci\u00f3n F\u00edsica, propuestas de utilizaci\u00f3n para profesores y alumnos.<\/p>\n\n\n\n<p>Ponente de \u00abEl uso de la tecnolog\u00eda y las redes sociales en las clases de Educaci\u00f3n F\u00edsica\u00bb Congreso Nacional de Educaci\u00f3n F\u00edsica y Deporte Escolar (UEM-ECM), ponente Taller \u00abUtilizaci\u00f3n de las TIC&#8217;s y dispositivos m\u00f3viles aplicados a la Educaci\u00f3n F\u00edsica\u00bb Escuela del Deporte Junta de Comunidades de Castilla La Mancha, TIC&#8217;s en Educaci\u00f3n F\u00edsica como herramienta de motivaci\u00f3n hacia la pr\u00e1ctica de AF, 2\u00ba Encuentro estatal sobre intercambio de experiencias en promoci\u00f3n de la actividad f\u00edsica y salud en la escuela #conEFtados (INEF Madrid).<\/p>\n\n\n\n<figure class=\"wp-block-embed-youtube wp-block-embed is-type-video is-provider-youtube wp-embed-aspect-16-9 wp-has-aspect-ratio\"><div class=\"wp-block-embed__wrapper\">\n<iframe loading=\"lazy\" title=\"Curso Idoceo\" width=\"640\" height=\"360\" src=\"https:\/\/www.youtube.com\/embed\/videoseries?list=PLCs1q_YgEsAjIhjdqt_VHEk6nefxKqZwC\" frameborder=\"0\" allow=\"accelerometer; autoplay; clipboard-write; encrypted-media; gyroscope; picture-in-picture; web-share\" referrerpolicy=\"strict-origin-when-cross-origin\" allowfullscreen><\/iframe>\n<\/div><\/figure>\n\n\n\n<p><\/p>\n","protected":false},"excerpt":{"rendered":"<p>\u201cCONFIGURACI\u00d3N Y MANEJO B\u00c1SICO DEL CUADERNO DE PROFESOR DIGITAL IDOCEO\u201d El ponente del curso, Noel Garc\u00eda Gonz\u00e1lez, quiere compartir con toda la comunidad educativa la lista de reproducci\u00f3n de los tutoriales desarrollados en este curso de ADAL. Esperamos que sean de vuestro inter\u00e9s. \u00bfQui\u00e9n es Noel? Noel es Maestro de Educaci\u00f3n F\u00edsica, Posgrado en Direcci\u00f3n&hellip;<\/p>\n","protected":false},"author":1,"featured_media":1130,"comment_status":"closed","ping_status":"closed","sticky":false,"template":"","format":"standard","meta":{"footnotes":""},"categories":[467,17],"tags":[97,350],"class_list":["post-1129","post","type-post","status-publish","format-standard","has-post-thumbnail","hentry","category-recursos-online","category-recursos-pedagogicos","tag-idoceo","tag-noel-garcia-gonzalez"],"gutentor_comment":0,"_links":{"self":[{"href":"https:\/\/apefadal.es\/index.php\/wp-json\/wp\/v2\/posts\/1129","targetHints":{"allow":["GET"]}}],"collection":[{"href":"https:\/\/apefadal.es\/index.php\/wp-json\/wp\/v2\/posts"}],"about":[{"href":"https:\/\/apefadal.es\/index.php\/wp-json\/wp\/v2\/types\/post"}],"author":[{"embeddable":true,"href":"https:\/\/apefadal.es\/index.php\/wp-json\/wp\/v2\/users\/1"}],"replies":[{"embeddable":true,"href":"https:\/\/apefadal.es\/index.php\/wp-json\/wp\/v2\/comments?post=1129"}],"version-history":[{"count":2,"href":"https:\/\/apefadal.es\/index.php\/wp-json\/wp\/v2\/posts\/1129\/revisions"}],"predecessor-version":[{"id":1140,"href":"https:\/\/apefadal.es\/index.php\/wp-json\/wp\/v2\/posts\/1129\/revisions\/1140"}],"wp:featuredmedia":[{"embeddable":true,"href":"https:\/\/apefadal.es\/index.php\/wp-json\/wp\/v2\/media\/1130"}],"wp:attachment":[{"href":"https:\/\/apefadal.es\/index.php\/wp-json\/wp\/v2\/media?parent=1129"}],"wp:term":[{"taxonomy":"category","embeddable":true,"href":"https:\/\/apefadal.es\/index.php\/wp-json\/wp\/v2\/categories?post=1129"},{"taxonomy":"post_tag","embeddable":true,"href":"https:\/\/apefadal.es\/index.php\/wp-json\/wp\/v2\/tags?post=1129"}],"curies":[{"name":"wp","href":"https:\/\/api.w.org\/{rel}","templated":true}]}}