{"id":1112,"date":"2020-03-23T11:17:00","date_gmt":"2020-03-23T11:17:00","guid":{"rendered":"https:\/\/apefadal.es\/?p=1112"},"modified":"2020-06-08T09:28:54","modified_gmt":"2020-06-08T09:28:54","slug":"comunicado-323-05","status":"publish","type":"post","link":"https:\/\/apefadal.es\/index.php\/2020\/03\/23\/comunicado-323-05\/","title":{"rendered":"Comunicado 324\/06"},"content":{"rendered":"\n<p style=\"background-color:#14205c\" class=\"has-text-color has-background has-text-align-center has-medium-font-size has-luminous-vivid-orange-color\"><strong><strong>APLAZAMIENTO \u201cAPRENDIZAJE&nbsp;BASADO&nbsp;EN JUEGOS DE MESA EN EDUCACI\u00d3N F\u00cdSICA Y M\u00c1S ALL\u00c1\u201d<\/strong><\/strong><\/p>\n\n\n\n<p>Siguiendo el Real Decreto 463\/2020, del 14 de marzo por el que se declara el estado de alarma para la gesti\u00f3n de la situaci\u00f3n de crisis sanitaria ocasionada por el COVID-19.&nbsp;<\/p>\n\n\n\n<p>Queda aplazado este curso sin nueva fecha de realizaci\u00f3n, a la espera de la normalizaci\u00f3n de la situaci\u00f3n en nuestra pa\u00eds.<\/p>\n\n\n\n<p>Por nuestra parte avisaremos con tiempo, asumiendo que habr\u00e1 participantes que no puedan realizar la actividad en la nueva fecha.&nbsp;En este caso se proceder\u00e1 a la devoluci\u00f3n inmediata de la cuota de inscripci\u00f3n del curso.<\/p>\n\n\n\n<p>En el caso de querer la devoluci\u00f3n de la cuota del curso antes de que salga la nueva fecha de realizaci\u00f3n, m\u00e1ndanos a\u00a0<a rel=\"noreferrer noopener\" href=\"mailto:info@apefadal.es\" target=\"_blank\">info@apefadal.es<\/a>\u00a0tu n\u00famero bancario e IBAN y procederemos a devolverte tu cuota lo antes posible. (Recuerda que de julio a septiembre paralizamos la actividad asociativa)<\/p>\n\n\n\n<p>Os mandamos mucho \u00e1nimo y paciencia para estos complejos d\u00edas.<\/p>\n","protected":false},"excerpt":{"rendered":"<p>APLAZAMIENTO \u201cAPRENDIZAJE&nbsp;BASADO&nbsp;EN JUEGOS DE MESA EN EDUCACI\u00d3N F\u00cdSICA Y M\u00c1S ALL\u00c1\u201d Siguiendo el Real Decreto 463\/2020, del 14 de marzo por el que se declara el estado de alarma para la gesti\u00f3n de la situaci\u00f3n de crisis sanitaria ocasionada por el COVID-19.&nbsp; Queda aplazado este curso sin nueva fecha de realizaci\u00f3n, a la espera de&hellip;<\/p>\n","protected":false},"author":1,"featured_media":1113,"comment_status":"closed","ping_status":"closed","sticky":false,"template":"","format":"standard","meta":{"footnotes":""},"categories":[5,6],"tags":[],"class_list":["post-1112","post","type-post","status-publish","format-standard","has-post-thumbnail","hentry","category-comunicados","category-comunicados-cursos"],"gutentor_comment":0,"_links":{"self":[{"href":"https:\/\/apefadal.es\/index.php\/wp-json\/wp\/v2\/posts\/1112","targetHints":{"allow":["GET"]}}],"collection":[{"href":"https:\/\/apefadal.es\/index.php\/wp-json\/wp\/v2\/posts"}],"about":[{"href":"https:\/\/apefadal.es\/index.php\/wp-json\/wp\/v2\/types\/post"}],"author":[{"embeddable":true,"href":"https:\/\/apefadal.es\/index.php\/wp-json\/wp\/v2\/users\/1"}],"replies":[{"embeddable":true,"href":"https:\/\/apefadal.es\/index.php\/wp-json\/wp\/v2\/comments?post=1112"}],"version-history":[{"count":3,"href":"https:\/\/apefadal.es\/index.php\/wp-json\/wp\/v2\/posts\/1112\/revisions"}],"predecessor-version":[{"id":1164,"href":"https:\/\/apefadal.es\/index.php\/wp-json\/wp\/v2\/posts\/1112\/revisions\/1164"}],"wp:featuredmedia":[{"embeddable":true,"href":"https:\/\/apefadal.es\/index.php\/wp-json\/wp\/v2\/media\/1113"}],"wp:attachment":[{"href":"https:\/\/apefadal.es\/index.php\/wp-json\/wp\/v2\/media?parent=1112"}],"wp:term":[{"taxonomy":"category","embeddable":true,"href":"https:\/\/apefadal.es\/index.php\/wp-json\/wp\/v2\/categories?post=1112"},{"taxonomy":"post_tag","embeddable":true,"href":"https:\/\/apefadal.es\/index.php\/wp-json\/wp\/v2\/tags?post=1112"}],"curies":[{"name":"wp","href":"https:\/\/api.w.org\/{rel}","templated":true}]}}