{"id":1109,"date":"2020-03-18T11:11:00","date_gmt":"2020-03-18T11:11:00","guid":{"rendered":"https:\/\/apefadal.es\/?p=1109"},"modified":"2020-05-20T11:30:11","modified_gmt":"2020-05-20T11:30:11","slug":"comunicado-324-06","status":"publish","type":"post","link":"https:\/\/apefadal.es\/index.php\/2020\/03\/18\/comunicado-324-06\/","title":{"rendered":"Comunicado 323\/05"},"content":{"rendered":"\n<p>Seg\u00fan marca el Bolet\u00edn Oficial de la Comunidad de Madrid \u2013 N\u00fam. 241 del 10 de octubre de 2017&nbsp;p\u00e1g. 10. Consejer\u00eda de Educaci\u00f3n e Investigaci\u00f3n.<\/p>\n\n\n\n<p><em>DECRETO 120\/2017, de 3 de octubre, del Consejo de Gobierno, por el que se regula la formaci\u00f3n permanente, la dedicaci\u00f3n y la innovaci\u00f3n del personal docente no universitario de la Comunidad de Madrid<\/em>.<\/p>\n\n\n\n<p>No hemos llegado al m\u00ednimo de 20 participantes para poder realizarse la actividad de formaci\u00f3n en l\u00ednea.<\/p>\n\n\n\n<p>Contesta a este correo&nbsp;<a href=\"mailto:info@apefadal.es\" target=\"_blank\" rel=\"noreferrer noopener\">info@apefadal.es<\/a>&nbsp;enviando tu n\u00famero de cuenta completo para que procedamos a la devoluci\u00f3n de la inscripci\u00f3n.<\/p>\n\n\n\n<p>Desde&nbsp;<a href=\"http:\/\/profesacademy.com\/\" target=\"_blank\" rel=\"noreferrer noopener\">PROFESACADEMY.COM<\/a>&nbsp;nos quieren hacer el favor de mantenernos la oferta realizando la actividad directamente con ellos. La actividad ya no tendr\u00e1 nada que ver con ADAL y por lo tanto nada que ver con la Consejer\u00eda de Educaci\u00f3n de la Comunidad de Madrid.<\/p>\n\n\n\n<p>Enviar un correo electr\u00f3nico con vuestros datos a&nbsp;<a href=\"mailto:info@profesacademy.com\" target=\"_blank\" rel=\"noreferrer noopener\">info@profesacademy.com<\/a>&nbsp;confirmando que est\u00e1is interesad@s en realizar la actividad independientemente de los cr\u00e9ditos oficiales. Este es&nbsp;el n\u00famero de whatsapp&nbsp; 644 58 08 76.<\/p>\n\n\n\n<p>El curso de \u00abIDOCEO, utilizaci\u00f3n&nbsp;del IPAD en tus labores docentes\u00bb tiene buen pron\u00f3stico de inscripciones.<\/p>\n\n\n\n<p>Un saludo.<\/p>\n","protected":false},"excerpt":{"rendered":"<p>Seg\u00fan marca el Bolet\u00edn Oficial de la Comunidad de Madrid \u2013 N\u00fam. 241 del 10 de octubre de 2017&nbsp;p\u00e1g. 10. Consejer\u00eda de Educaci\u00f3n e Investigaci\u00f3n. DECRETO 120\/2017, de 3 de octubre, del Consejo de Gobierno, por el que se regula la formaci\u00f3n permanente, la dedicaci\u00f3n y la innovaci\u00f3n del personal docente no universitario de la&hellip;<\/p>\n","protected":false},"author":1,"featured_media":1110,"comment_status":"closed","ping_status":"closed","sticky":false,"template":"","format":"standard","meta":{"footnotes":""},"categories":[5,6],"tags":[99],"class_list":["post-1109","post","type-post","status-publish","format-standard","has-post-thumbnail","hentry","category-comunicados","category-comunicados-cursos","tag-curso-a-distancia"],"gutentor_comment":0,"_links":{"self":[{"href":"https:\/\/apefadal.es\/index.php\/wp-json\/wp\/v2\/posts\/1109","targetHints":{"allow":["GET"]}}],"collection":[{"href":"https:\/\/apefadal.es\/index.php\/wp-json\/wp\/v2\/posts"}],"about":[{"href":"https:\/\/apefadal.es\/index.php\/wp-json\/wp\/v2\/types\/post"}],"author":[{"embeddable":true,"href":"https:\/\/apefadal.es\/index.php\/wp-json\/wp\/v2\/users\/1"}],"replies":[{"embeddable":true,"href":"https:\/\/apefadal.es\/index.php\/wp-json\/wp\/v2\/comments?post=1109"}],"version-history":[{"count":2,"href":"https:\/\/apefadal.es\/index.php\/wp-json\/wp\/v2\/posts\/1109\/revisions"}],"predecessor-version":[{"id":1116,"href":"https:\/\/apefadal.es\/index.php\/wp-json\/wp\/v2\/posts\/1109\/revisions\/1116"}],"wp:featuredmedia":[{"embeddable":true,"href":"https:\/\/apefadal.es\/index.php\/wp-json\/wp\/v2\/media\/1110"}],"wp:attachment":[{"href":"https:\/\/apefadal.es\/index.php\/wp-json\/wp\/v2\/media?parent=1109"}],"wp:term":[{"taxonomy":"category","embeddable":true,"href":"https:\/\/apefadal.es\/index.php\/wp-json\/wp\/v2\/categories?post=1109"},{"taxonomy":"post_tag","embeddable":true,"href":"https:\/\/apefadal.es\/index.php\/wp-json\/wp\/v2\/tags?post=1109"}],"curies":[{"name":"wp","href":"https:\/\/api.w.org\/{rel}","templated":true}]}}