{"id":1,"date":"2020-03-31T09:46:44","date_gmt":"2020-03-31T09:46:44","guid":{"rendered":"https:\/\/apefadal.es\/?p=1"},"modified":"2020-04-16T08:31:11","modified_gmt":"2020-04-16T08:31:11","slug":"com325-07","status":"publish","type":"post","link":"https:\/\/apefadal.es\/index.php\/2020\/03\/31\/com325-07\/","title":{"rendered":"Comunicado 325\/07"},"content":{"rendered":"\n<p style=\"background-color:#14205c\" class=\"has-text-color has-background has-text-align-center has-medium-font-size has-luminous-vivid-orange-color\"><strong>SUSPENSI\u00d3N CURSO \u201cEDUCAR EN LA EQUIDAD ES PREVENIR LA VIOLENCIA DE G\u00c9NERO\u201d.<\/strong><\/p>\n\n\n\n<p><strong>Siguiendo el Real Decreto 463\/2020, del 14 de marzo por el que se declara el estado de alarma para la gesti\u00f3n de la situaci\u00f3n de crisis sanitaria ocasionada por el COVID-19.<\/strong><\/p>\n\n\n\n<p><strong>Queda SUSPENDIDO este curso, Y POR LO TANTO LOS ENCUENTROS, esperando retomar el proyecto en 2021, a la espera de la normalizaci\u00f3n de la situaci\u00f3n en nuestro pa\u00eds.<\/strong><\/p>\n\n\n\n<p><strong>Os mandamos mucho \u00e1nimo y paciencia para estos complejos d\u00edas.<\/strong><\/p>\n\n\n\n<p><\/p>\n","protected":false},"excerpt":{"rendered":"<p>SUSPENSI\u00d3N CURSO \u201cEDUCAR EN LA EQUIDAD ES PREVENIR LA VIOLENCIA DE G\u00c9NERO\u201d. Siguiendo el Real Decreto 463\/2020, del 14 de marzo por el que se declara el estado de alarma para la gesti\u00f3n de la situaci\u00f3n de crisis sanitaria ocasionada por el COVID-19. Queda SUSPENDIDO este curso, Y POR LO TANTO LOS ENCUENTROS, esperando retomar&hellip;<\/p>\n","protected":false},"author":1,"featured_media":205,"comment_status":"closed","ping_status":"open","sticky":false,"template":"","format":"standard","meta":{"footnotes":""},"categories":[6],"tags":[7,12,10,11,8],"class_list":["post-1","post","type-post","status-publish","format-standard","has-post-thumbnail","hentry","category-comunicados-cursos","tag-comunicados","tag-comunidadmadrid","tag-encuentros","tag-igualdad","tag-suspension"],"gutentor_comment":0,"_links":{"self":[{"href":"https:\/\/apefadal.es\/index.php\/wp-json\/wp\/v2\/posts\/1","targetHints":{"allow":["GET"]}}],"collection":[{"href":"https:\/\/apefadal.es\/index.php\/wp-json\/wp\/v2\/posts"}],"about":[{"href":"https:\/\/apefadal.es\/index.php\/wp-json\/wp\/v2\/types\/post"}],"author":[{"embeddable":true,"href":"https:\/\/apefadal.es\/index.php\/wp-json\/wp\/v2\/users\/1"}],"replies":[{"embeddable":true,"href":"https:\/\/apefadal.es\/index.php\/wp-json\/wp\/v2\/comments?post=1"}],"version-history":[{"count":3,"href":"https:\/\/apefadal.es\/index.php\/wp-json\/wp\/v2\/posts\/1\/revisions"}],"predecessor-version":[{"id":689,"href":"https:\/\/apefadal.es\/index.php\/wp-json\/wp\/v2\/posts\/1\/revisions\/689"}],"wp:featuredmedia":[{"embeddable":true,"href":"https:\/\/apefadal.es\/index.php\/wp-json\/wp\/v2\/media\/205"}],"wp:attachment":[{"href":"https:\/\/apefadal.es\/index.php\/wp-json\/wp\/v2\/media?parent=1"}],"wp:term":[{"taxonomy":"category","embeddable":true,"href":"https:\/\/apefadal.es\/index.php\/wp-json\/wp\/v2\/categories?post=1"},{"taxonomy":"post_tag","embeddable":true,"href":"https:\/\/apefadal.es\/index.php\/wp-json\/wp\/v2\/tags?post=1"}],"curies":[{"name":"wp","href":"https:\/\/api.w.org\/{rel}","templated":true}]}}